{"id":13631,"date":"2015-09-14T10:00:41","date_gmt":"2015-09-14T13:00:41","guid":{"rendered":"https:\/\/www.mpal.mp.br\/?p=13631"},"modified":"2022-07-26T10:03:47","modified_gmt":"2022-07-26T13:03:47","slug":"mpe-al-recebe-palestra-sobre-atualidade-da-educacao-a-convite-da-ampal-e-da-esmp-promotora-de-justica-aponta-caminhos-para-melhoria-do-ensino-em-alagoas","status":"publish","type":"post","link":"https:\/\/www.mpal.mp.br\/?p=13631","title":{"rendered":"MPE\/AL recebe palestra sobre atualidade da educa\u00e7\u00e3o; a convite da Ampal e da ESMP, promotora de Justi\u00e7a aponta caminhos para melhoria do ensino em Alagoas"},"content":{"rendered":"<p style=\"text-align: justify;\"><span style=\"font-size: 14pt;\">A Procuradoria Geral de Justi\u00e7a recebeu, nesta segunda-feira (14), membros, servidores, estagi\u00e1rios, gestores e docentes das redes p\u00fablica e privada para a palestra \u201cEduca\u00e7\u00e3o, onde estamos\u201d, ministrada pela promotora de Justi\u00e7a e professora mestra Maria Cec\u00edlia Pontes Carna\u00faba. O evento gratuito foi promovido pela Associa\u00e7\u00e3o do Minist\u00e9rio P\u00fablico do Estado de Alagoas (Ampal), com o apoio da Escola Superior do Minist\u00e9rio P\u00fablico (ESMP).<\/span><\/p>\n<p style=\"text-align: justify;\"><span style=\"font-size: 14pt;\">Na palestra, a promotora de Justi\u00e7a, que atua na \u00e1rea da Fazenda P\u00fablica Estadual, abordou o tema sob uma perspectiva de amostragem, relacionando-o \u00e0 hist\u00f3ria, constru\u00e7\u00e3o da democracia, estrutura de poder, media\u00e7\u00e3o, experi\u00eancias de sucesso e direito positivo. Ao final da explana\u00e7\u00e3o, Cec\u00edlia Carna\u00faba conseguiu apresentar um quadro atual da educa\u00e7\u00e3o no pa\u00eds e em Alagoas, primeiro passo para definir novos rumos e pol\u00edticas p\u00fablicas para essa \u00e1rea social.<\/span><\/p>\n<p style=\"text-align: justify;\"><span style=\"font-size: 14pt;\">Para o procurador-geral de Justi\u00e7a, S\u00e9rgio Juc\u00e1, a iniciativa capacita promotores e procuradores de Justi\u00e7a, que tamb\u00e9m exercem o papel de fiscalizador da lei na educa\u00e7\u00e3o. \u201cA educa\u00e7\u00e3o deve ser sempre prioridade da gest\u00e3o p\u00fablica, independentemente de governo ou partido, por\u00e9m, hoje, ela fica atr\u00e1s de centenas de outras prioridades. Em sua palestra, a promotora de Justi\u00e7a Cec\u00edlia Carna\u00faba desnuda a realidade perversa da educa\u00e7\u00e3o alagoana em pleno terceiro mil\u00eanio, ajudando todos os membros a cumprir o nosso desiderato, que \u00e9 servir \u00e0 popula\u00e7\u00e3o\u201d, destacou.<\/span><\/p>\n<p style=\"text-align: justify;\"><span style=\"font-size: 14pt;\">Segundo o presidente da Ampal e diretor da ESMP, procurador de Justi\u00e7a Eduardo Tavares Mendes, o Minist\u00e9rio P\u00fablico Estadual comprova seu momento de maturidade e compromisso social a partir do debate de temas que interessam a toda a sociedade, como \u00e9 o caso da educa\u00e7\u00e3o. \u201cA busca por uma cultura de paz passa por normas bem delimitadas, economia estabilizada e pol\u00edticas sociais efetivas. A crise que os brasileiros vivem hoje ser\u00e1 superada porque somos um povo forte, vencedor. O caminho para sair desse momento ruim continua sendo a educa\u00e7\u00e3o, que acabar\u00e1 com \u00edndices vergonhosos como o de 30% de analfabetos funcionais em Alagoas\u201d, disse.<\/span><\/p>\n<p style=\"text-align: justify;\"><span style=\"font-size: 14pt;\">Al\u00e9m dos dois membros do MPE\/AL, estiveram presentes no evento o procurador de Justi\u00e7a M\u00e1rcio Roberto Ten\u00f3rio, a deputada estadual J\u00f3 Pereira, a presidente do Sindicato dos Trabalhadores da Educa\u00e7\u00e3o de Alagoas (Sinteal), Maria Consuelo Correia, o coordenador-geral do F\u00f3rum de Defesa da Educa\u00e7\u00e3o, Juliano Matias de Brito. Pela diretoria da Ampal, compuseram a mesa de abertura os promotores de Justi\u00e7a Sandra Malta, Delfino Costa Neto e Marluce Caldas.<\/span><\/p>\n<p style=\"text-align: justify;\"><span style=\"font-size: 14pt;\"><strong>A palestra<\/strong><\/span><\/p>\n<p style=\"text-align: justify;\"><span style=\"font-size: 14pt;\">A promotora de Justi\u00e7a Cec\u00edlia Carna\u00faba iniciou a palestra apresentando a educa\u00e7\u00e3o como forma de resist\u00eancia \u00e0 domina\u00e7\u00e3o pol\u00edtica. Para ela, \u201ca popula\u00e7\u00e3o precisa entender que a estrutura de poder se constr\u00f3i em meio \u00e0 conduta do cidad\u00e3o, consciente ou inconscientemente, legitimando dada hegemonia. A gente precisa se emponderar de nossa for\u00e7a para assumir o papel de protagonista na mudan\u00e7a efetiva da educa\u00e7\u00e3o.\u201d<\/span><\/p>\n<p style=\"text-align: justify;\"><span style=\"font-size: 14pt;\">Segundo a palestrante, a popula\u00e7\u00e3o alagoana carece de vis\u00e3o sist\u00eamica e de compreens\u00e3o b\u00e1sica de leitura. \u201cNo que toca o sistema, os alagoanos n\u00e3o compreendem como funciona a sociedade. N\u00e3o entendem o porqu\u00ea de estarem sem emprego, sa\u00fade e educa\u00e7\u00e3o. Para piorar estudantes de 15 anos, na s\u00e9tima s\u00e9rie, considerados alfabetizados, conseguem apenas juntar as letras, sem entender a mais simples mensagem do texto. Sem saber ler de fato, como o povo vai entender o conte\u00fado das ci\u00eancias\u201d, questionou a promotora.<\/span><\/p>\n<p style=\"text-align: justify;\"><span style=\"font-size: 14pt;\">Cec\u00edlia Carna\u00faba disse que, mesmo com metas baixas, as informa\u00e7\u00f5es do \u00cdndice de Desenvolvimento da Educa\u00e7\u00e3o B\u00e1sica (Ideb) mostram uma educa\u00e7\u00e3o estadual aqu\u00e9m das expectativas. A melhoria na \u00e1rea passa por transpar\u00eancia do gestor educacional, ensino de qualidade, continuidade como condi\u00e7\u00e3o de qualidade, capacita\u00e7\u00e3o dos docentes, perman\u00eancia dos professores nas Secretarias de Educa\u00e7\u00e3o e em sala de aula, or\u00e7amento voltado para a educa\u00e7\u00e3o priorit\u00e1ria, mais participa\u00e7\u00e3o da fam\u00edlia na escola e forma\u00e7\u00e3o integral das crian\u00e7as e jovens que estimulem a cogni\u00e7\u00e3o e tamb\u00e9m a n\u00e3o-cogni\u00e7\u00e3o.<\/span><\/p>\n<p style=\"text-align: justify;\"><span style=\"font-size: 14pt;\">\u201cOs Minist\u00e9rios P\u00fablicos Estaduais v\u00eam agindo com intelig\u00eancia para garantir os recursos necess\u00e1rios a uma educa\u00e7\u00e3o de qualidade. Quando perdemos uma a\u00e7\u00e3o, procuramos institui\u00e7\u00f5es como o Minist\u00e9rio P\u00fablico de Conta para tentar incluir a demanda no exerc\u00edcio financeiro do ano seguinte, seja no estado, seja no munic\u00edpio\u201d, exaltou a promotora, que insistiu na necessidade de se buscar novos caminhos para mudar o quadro educacional em Alagoas e no pa\u00eds.<\/span><\/p>\n","protected":false},"excerpt":{"rendered":"<p> [&hellip;]<\/p>\n","protected":false},"author":4,"featured_media":13636,"comment_status":"open","ping_status":"open","sticky":false,"template":"","format":"standard","meta":{"om_disable_all_campaigns":false,"_monsterinsights_skip_tracking":false,"_monsterinsights_sitenote_active":false,"_monsterinsights_sitenote_note":"","_monsterinsights_sitenote_category":0,"_uf_show_specific_survey":0,"_uf_disable_surveys":false,"footnotes":""},"categories":[19,2],"tags":[],"class_list":["post-13631","post","type-post","status-publish","format-standard","has-post-thumbnail","hentry","category-not_esmp","category-not_mpal"],"aioseo_notices":[],"_links":{"self":[{"href":"https:\/\/www.mpal.mp.br\/index.php?rest_route=\/wp\/v2\/posts\/13631","targetHints":{"allow":["GET"]}}],"collection":[{"href":"https:\/\/www.mpal.mp.br\/index.php?rest_route=\/wp\/v2\/posts"}],"about":[{"href":"https:\/\/www.mpal.mp.br\/index.php?rest_route=\/wp\/v2\/types\/post"}],"author":[{"embeddable":true,"href":"https:\/\/www.mpal.mp.br\/index.php?rest_route=\/wp\/v2\/users\/4"}],"replies":[{"embeddable":true,"href":"https:\/\/www.mpal.mp.br\/index.php?rest_route=%2Fwp%2Fv2%2Fcomments&post=13631"}],"version-history":[{"count":1,"href":"https:\/\/www.mpal.mp.br\/index.php?rest_route=\/wp\/v2\/posts\/13631\/revisions"}],"predecessor-version":[{"id":13637,"href":"https:\/\/www.mpal.mp.br\/index.php?rest_route=\/wp\/v2\/posts\/13631\/revisions\/13637"}],"wp:featuredmedia":[{"embeddable":true,"href":"https:\/\/www.mpal.mp.br\/index.php?rest_route=\/wp\/v2\/media\/13636"}],"wp:attachment":[{"href":"https:\/\/www.mpal.mp.br\/index.php?rest_route=%2Fwp%2Fv2%2Fmedia&parent=13631"}],"wp:term":[{"taxonomy":"category","embeddable":true,"href":"https:\/\/www.mpal.mp.br\/index.php?rest_route=%2Fwp%2Fv2%2Fcategories&post=13631"},{"taxonomy":"post_tag","embeddable":true,"href":"https:\/\/www.mpal.mp.br\/index.php?rest_route=%2Fwp%2Fv2%2Ftags&post=13631"}],"curies":[{"name":"wp","href":"https:\/\/api.w.org\/{rel}","templated":true}]}}