{"id":13620,"date":"2012-07-16T09:54:50","date_gmt":"2012-07-16T12:54:50","guid":{"rendered":"https:\/\/www.mpal.mp.br\/?p=13620"},"modified":"2022-07-26T09:55:59","modified_gmt":"2022-07-26T12:55:59","slug":"promotoria-de-penedo-pede-impugnacao-de-13-candidatos","status":"publish","type":"post","link":"https:\/\/www.mpal.mp.br\/?p=13620","title":{"rendered":"Promotoria de Penedo pede impugna\u00e7\u00e3o de 13 candidatos"},"content":{"rendered":"<p style=\"text-align: justify;\"><span style=\"font-size: 14pt;\">A Promotoria Eleitoral da 13\u00aa Zona Eleitoral, que abrange o munic\u00edpio de Penedo, ajuizou 13 a\u00e7\u00f5es de impugna\u00e7\u00e3o de registros de candidaturas.<\/span><\/p>\n<p style=\"text-align: justify;\"><span style=\"font-size: 14pt;\">O Minist\u00e9rio P\u00fablico Estadual solicita o impedimento de um candidato a prefeito e doze de vereador. Dentre as impugna\u00e7\u00f5es, oito dizem respeito ao uso de nomes ou express\u00f5es que associam as candidaturas a \u00f3rg\u00e3os ou servi\u00e7os p\u00fablicos, tais como \u201cda Educa\u00e7\u00e3o\u201d, \u201cdo Conselho\u201d, \u201cdo Bolsa Fam\u00edlia\u201dou \u201cdo Esporte\u201d. Para o promotor Jos\u00e9 Carlos Castro, a pr\u00e1tica dos candidatos viola os dispositivos do art. 40 da Lei n\u00ba 9.504\/97 que regulamenta as elei\u00e7\u00f5es, mesmo que os gestores j\u00e1 tenham se afastado de seus cargos ou fun\u00e7\u00f5es. Ao vincular a candidatura ao servi\u00e7o p\u00fablico, o candidato tenta levar vantagem da condi\u00e7\u00e3o de servidor na propaganda eleitoral.<\/span><\/p>\n<p style=\"text-align: justify;\"><span style=\"font-size: 14pt;\">\u201cO eleitor deve estar livre para avaliar seus candidatos, sem a influ\u00eancia ou vincula\u00e7\u00e3o com os nomes desses \u00f3rg\u00e3os, servi\u00e7os ou programas p\u00fablicos, como se somente tais candidatos pudessem disponibiliz\u00e1-los. Tal comportamento quebra a isonomia e igualdade de condi\u00e7\u00f5es entre os concorrentes\u201d, afirma o promotor. O MPE pede a exclus\u00e3o dessas express\u00f5es dos nomes de registro das candidaturas e a proibi\u00e7\u00e3o do uso na propaganda eleitoral, sob pena de indeferimento dos registros. Dentre as demais impugna\u00e7\u00f5es, duas delas foram apresentadas em virtude dos candidatos n\u00e3o terem seus nomes inclu\u00eddos nas atas das conven\u00e7\u00f5es das respectivas coliga\u00e7\u00f5es.<\/span><\/p>\n<p style=\"text-align: justify;\"><span style=\"font-size: 14pt;\">O registro em ata \u00e9 condi\u00e7\u00e3o b\u00e1sica de elegibilidade e incapaz de ser sanada posteriormente. Outras duas impugna\u00e7\u00f5es tratam de candidatos a vereador que deixaram de prestar contas de suas candidaturas na elei\u00e7\u00e3o de 2008, o que os torna ineleg\u00edveis por estarem em d\u00edvida com a Justi\u00e7a Eleitoral.<\/span><\/p>\n<p style=\"text-align: justify;\"><span style=\"font-size: 14pt;\">Uma das coliga\u00e7\u00f5es deixou de preencher as vagas de seus concorrentes a vereador com o n\u00famero m\u00ednimo de mulheres, que segundo a lei deve ser de 30%. O MPE entende que a coliga\u00e7\u00e3o deve excluir um candidato do sexo masculino para que a candidatura conjunta seja aprovada, sob pena de indeferimento de toda chapa de vereadores.<\/span><\/p>\n<p style=\"text-align: justify;\"><span style=\"font-size: 14pt;\">Nenhuma candidatura apresentada em Penedo foi enquadrada na Lei da Ficha Limpa, por parte do MPE. As impugna\u00e7\u00f5es ser\u00e3o apreciadas pelo Juiz da 13\u00aa Zona Eleitoral, ap\u00f3s a manifesta\u00e7\u00e3o dos candidatos questionados.<\/span><\/p>\n","protected":false},"excerpt":{"rendered":"<p> [&hellip;]<\/p>\n","protected":false},"author":2,"featured_media":13621,"comment_status":"open","ping_status":"open","sticky":false,"template":"","format":"standard","meta":{"om_disable_all_campaigns":false,"_monsterinsights_skip_tracking":false,"_monsterinsights_sitenote_active":false,"_monsterinsights_sitenote_note":"","_monsterinsights_sitenote_category":0,"_uf_show_specific_survey":0,"_uf_disable_surveys":false,"footnotes":""},"categories":[2],"tags":[],"class_list":["post-13620","post","type-post","status-publish","format-standard","has-post-thumbnail","hentry","category-not_mpal"],"aioseo_notices":[],"_links":{"self":[{"href":"https:\/\/www.mpal.mp.br\/index.php?rest_route=\/wp\/v2\/posts\/13620","targetHints":{"allow":["GET"]}}],"collection":[{"href":"https:\/\/www.mpal.mp.br\/index.php?rest_route=\/wp\/v2\/posts"}],"about":[{"href":"https:\/\/www.mpal.mp.br\/index.php?rest_route=\/wp\/v2\/types\/post"}],"author":[{"embeddable":true,"href":"https:\/\/www.mpal.mp.br\/index.php?rest_route=\/wp\/v2\/users\/2"}],"replies":[{"embeddable":true,"href":"https:\/\/www.mpal.mp.br\/index.php?rest_route=%2Fwp%2Fv2%2Fcomments&post=13620"}],"version-history":[{"count":1,"href":"https:\/\/www.mpal.mp.br\/index.php?rest_route=\/wp\/v2\/posts\/13620\/revisions"}],"predecessor-version":[{"id":13622,"href":"https:\/\/www.mpal.mp.br\/index.php?rest_route=\/wp\/v2\/posts\/13620\/revisions\/13622"}],"wp:featuredmedia":[{"embeddable":true,"href":"https:\/\/www.mpal.mp.br\/index.php?rest_route=\/wp\/v2\/media\/13621"}],"wp:attachment":[{"href":"https:\/\/www.mpal.mp.br\/index.php?rest_route=%2Fwp%2Fv2%2Fmedia&parent=13620"}],"wp:term":[{"taxonomy":"category","embeddable":true,"href":"https:\/\/www.mpal.mp.br\/index.php?rest_route=%2Fwp%2Fv2%2Fcategories&post=13620"},{"taxonomy":"post_tag","embeddable":true,"href":"https:\/\/www.mpal.mp.br\/index.php?rest_route=%2Fwp%2Fv2%2Ftags&post=13620"}],"curies":[{"name":"wp","href":"https:\/\/api.w.org\/{rel}","templated":true}]}}