{"id":13615,"date":"2012-07-24T09:49:18","date_gmt":"2012-07-24T12:49:18","guid":{"rendered":"https:\/\/www.mpal.mp.br\/?p=13615"},"modified":"2022-07-26T09:49:54","modified_gmt":"2022-07-26T12:49:54","slug":"santana-do-mundau-tera-novas-casas-ate-dezembro","status":"publish","type":"post","link":"https:\/\/www.mpal.mp.br\/?p=13615","title":{"rendered":"Santana do Munda\u00fa ter\u00e1 novas casas at\u00e9 dezembro"},"content":{"rendered":"<p class=\"western\" style=\"text-align: justify;\" align=\"JUSTIFY\"><span style=\"font-size: 14pt;\">A Promotoria de Justi\u00e7a de Santana do Munda\u00fa, em parceria com o N\u00facleo de Defesa dos Direitos Humanos do Minist\u00e9rio P\u00fablico Estadual, realizou ontem uma audi\u00eancia p\u00fablica sobre a reconstru\u00e7\u00e3o das casas do munic\u00edpio atingido pelas enchentes do Rio Munda\u00fa em junho de 2010. As promotoras Marluce Falc\u00e3o e Carmem Sylvia coordenaram a sess\u00e3o, que contou com a participa\u00e7\u00e3o de autoridades e representantes da sociedade civil.<\/span><\/p>\n<p class=\"western\" style=\"text-align: justify;\" align=\"JUSTIFY\"><span style=\"font-size: 14pt;\">A audi\u00eancia definiu que o munic\u00edpio concluir\u00e1 a constru\u00e7\u00e3o de 1261 casas populares at\u00e9 dezembro. Para isso, a Prefeitura se comprometeu a garantir a infraestrutura de saneamento b\u00e1sico e ilumina\u00e7\u00e3o p\u00fablica at\u00e9 o mesmo m\u00eas. Apenas v\u00edtimas das chuvas de 2010, com renda familiar de at\u00e9 R$ 1.600, que integram ter\u00e3o acesso \u00e0s moradias de modo gratuito. A popula\u00e7\u00e3o com renda maior poder\u00e1 financiar as casas atrav\u00e9s do programa Minha Casa, Minha Vida, junto \u00e0 Caixa Econ\u00f4mica Federal.<\/span><\/p>\n<p class=\"western\" style=\"text-align: justify;\" align=\"JUSTIFY\"><span style=\"font-size: 14pt;\">De acordo com Falc\u00e3o, o cadastramento das v\u00edtimas ocorrer\u00e1 at\u00e9 o dia 30 de agosto na Secretaria Municipal de Assist\u00eancia Social. \u201c\u00c9 fundamental que a popula\u00e7\u00e3o atingida pelas chuvas procure o \u00f3rg\u00e3o p\u00fablico para garantir um novo lar. Quem deixar de se cadastrar nesse per\u00edodo perde o direito \u00e0 moradia social\u201d, destaca a promotora.<\/span><\/p>\n<p class=\"western\" style=\"text-align: justify;\" align=\"JUSTIFY\"><span style=\"font-size: 14pt;\">A Defesa Civil determinar\u00e1 as \u00e1reas consideradas de risco onde n\u00e3o poder\u00e3o voltar a ser constru\u00eddas novas casas. Todas moradias da regi\u00e3o das enchentes ser\u00e3o demolidas. O MPE recomendou que o Conselho Estadual de Defesa Civil realize um semin\u00e1rio sobre o conte\u00fado da Lei 12608\/12, que institui a Pol\u00edtica Nacional de Prote\u00e7\u00e3o e Defesa Civil, com a finalidade de orientar o poder p\u00fablico e a sociedade civil a evitar constru\u00e7\u00f5es em \u00e1rea de risco nos munic\u00edpios.<\/span><\/p>\n<p class=\"western\" style=\"text-align: justify;\" align=\"JUSTIFY\"><span style=\"font-size: 14pt;\">Santana do Munda\u00fa tamb\u00e9m desenvolver\u00e1 obras nas \u00e1reas de educa\u00e7\u00e3o, sa\u00fade, seguran\u00e7a, com\u00e9rcio e infraestrutura. Nos povoados ao redor da cidade, ser\u00e3o constru\u00eddas tr\u00eas escolas que se somar\u00e3o a um centro de educa\u00e7\u00e3o, com 12 salas de aula e quadras poliesportivas, na \u00e1rea urbana at\u00e9 fevereiro de 2013. O Minist\u00e9rio P\u00fablico recomendou ao estado a desapropria\u00e7\u00e3o de novas \u00e1reas para investimentos na educa\u00e7\u00e3o em virtude do terreno adquirido pelo estado junto \u00e0 Fazenda Jussara ser acidentado e, assim, inapropriado para boa parte das obras.<\/span><\/p>\n<p class=\"western\" style=\"text-align: justify;\" align=\"JUSTIFY\"><span style=\"font-size: 14pt;\">No campo de sa\u00fade, o munic\u00edpio ter\u00e1 em janeiro mais duas Unidades B\u00e1sicas de Sa\u00fade (UBS) e um complexo administrativo para gerir servi\u00e7os de atendimento b\u00e1sico \u00e0 popula\u00e7\u00e3o, como exames cl\u00ednicos e odontol\u00f3gicos. Como refor\u00e7o \u00e0 seguran\u00e7a p\u00fablica, o MPE recomendou \u00e0 Secretaria de Defesa Social (SEDS) a elabora\u00e7\u00e3o de um projeto para instala\u00e7\u00e3o de um Grupo Policial Militar (GPM) em 30 dias, visto que j\u00e1 existe local destinado para novos servi\u00e7os de policiamento.<\/span><\/p>\n<p class=\"western\" style=\"text-align: justify;\" align=\"JUSTIFY\"><span style=\"font-size: 14pt;\">A Secretaria de Infraestrutura (Seinfra) se responsabilizou pelas obras de terraplanagem que permitir\u00e1 a entrega de lotes destinados para a \u00e1rea comercial da cidade. Caber\u00e1 \u00e0 Prefeitura Municipal o cadastramento de comerciantes contemplados com o benef\u00edcio. O Executivo executar\u00e1 ainda servi\u00e7os de eletrifica\u00e7\u00e3o, saneamento e \u00e1gua pot\u00e1vel nas resid\u00eancias.<\/span><\/p>\n<p class=\"western\" style=\"text-align: justify;\" align=\"JUSTIFY\"><span style=\"font-size: 14pt;\">Participaram da audi\u00eancia o prefeito de Santana do Munda\u00fa, Marcelo Souza Mendon\u00e7a, e representantes do Minist\u00e9rio P\u00fablico Federal, Defesa Civil, Pol\u00edcia Militar e Caixa Econ\u00f4mica. As Secretarias de Estado da Educa\u00e7\u00e3o, Defesa Social, Sa\u00fade e Infraestrutura, al\u00e9m de construtoras respons\u00e1veis por obras no munic\u00edpio, tamb\u00e9m estiveram presentes.<\/span><\/p>\n","protected":false},"excerpt":{"rendered":"<p> [&hellip;]<\/p>\n","protected":false},"author":2,"featured_media":13616,"comment_status":"open","ping_status":"open","sticky":false,"template":"","format":"standard","meta":{"om_disable_all_campaigns":false,"_monsterinsights_skip_tracking":false,"_monsterinsights_sitenote_active":false,"_monsterinsights_sitenote_note":"","_monsterinsights_sitenote_category":0,"_uf_show_specific_survey":0,"_uf_disable_surveys":false,"footnotes":""},"categories":[2],"tags":[],"class_list":["post-13615","post","type-post","status-publish","format-standard","has-post-thumbnail","hentry","category-not_mpal"],"aioseo_notices":[],"_links":{"self":[{"href":"https:\/\/www.mpal.mp.br\/index.php?rest_route=\/wp\/v2\/posts\/13615","targetHints":{"allow":["GET"]}}],"collection":[{"href":"https:\/\/www.mpal.mp.br\/index.php?rest_route=\/wp\/v2\/posts"}],"about":[{"href":"https:\/\/www.mpal.mp.br\/index.php?rest_route=\/wp\/v2\/types\/post"}],"author":[{"embeddable":true,"href":"https:\/\/www.mpal.mp.br\/index.php?rest_route=\/wp\/v2\/users\/2"}],"replies":[{"embeddable":true,"href":"https:\/\/www.mpal.mp.br\/index.php?rest_route=%2Fwp%2Fv2%2Fcomments&post=13615"}],"version-history":[{"count":1,"href":"https:\/\/www.mpal.mp.br\/index.php?rest_route=\/wp\/v2\/posts\/13615\/revisions"}],"predecessor-version":[{"id":13617,"href":"https:\/\/www.mpal.mp.br\/index.php?rest_route=\/wp\/v2\/posts\/13615\/revisions\/13617"}],"wp:featuredmedia":[{"embeddable":true,"href":"https:\/\/www.mpal.mp.br\/index.php?rest_route=\/wp\/v2\/media\/13616"}],"wp:attachment":[{"href":"https:\/\/www.mpal.mp.br\/index.php?rest_route=%2Fwp%2Fv2%2Fmedia&parent=13615"}],"wp:term":[{"taxonomy":"category","embeddable":true,"href":"https:\/\/www.mpal.mp.br\/index.php?rest_route=%2Fwp%2Fv2%2Fcategories&post=13615"},{"taxonomy":"post_tag","embeddable":true,"href":"https:\/\/www.mpal.mp.br\/index.php?rest_route=%2Fwp%2Fv2%2Ftags&post=13615"}],"curies":[{"name":"wp","href":"https:\/\/api.w.org\/{rel}","templated":true}]}}