{"id":13613,"date":"2012-07-27T09:46:07","date_gmt":"2012-07-27T12:46:07","guid":{"rendered":"https:\/\/www.mpal.mp.br\/?p=13613"},"modified":"2022-07-26T09:47:35","modified_gmt":"2022-07-26T12:47:35","slug":"mpe-pede-condenacao-de-prefeito-da-barra-de-sao-miguel","status":"publish","type":"post","link":"https:\/\/www.mpal.mp.br\/?p=13613","title":{"rendered":"MPE pede condena\u00e7\u00e3o de prefeito da Barra de S\u00e3o Miguel"},"content":{"rendered":"<p class=\"western\" style=\"text-align: justify;\" align=\"JUSTIFY\"><span style=\"font-size: 14pt;\">O Minist\u00e9rio P\u00fablico Estadual, por meio do procurador-geral de Justi\u00e7a, Eduardo Tavares, denunciou ao Tribunal de Justi\u00e7a o prefeito da Barra de S\u00e3o Miguel, Reginaldo Jos\u00e9 de Andrade, por crimes contra a Administra\u00e7\u00e3o P\u00fablica e a Lei de Licita\u00e7\u00f5es. Entre as diversas irregularidades da gest\u00e3o do munic\u00edpio, chama a aten\u00e7\u00e3o o pagamento de R$ 686.815,00 para loca\u00e7\u00e3o de ve\u00edculos, sem processo licitat\u00f3rio, no per\u00edodo de 2005 e 2008.<\/span><\/p>\n<p class=\"western\" style=\"text-align: justify;\" align=\"JUSTIFY\"><span style=\"font-size: 14pt;\">A Prefeitura tamb\u00e9m dispensou licita\u00e7\u00e3o, sem as condi\u00e7\u00f5es previstas em lei, na contrata\u00e7\u00e3o de servi\u00e7os de inform\u00e1tica, engenharia e de ilumina\u00e7\u00e3o p\u00fablica, al\u00e9m de adquirir combust\u00edvel de modo ilegal. Em desrespeito ao princ\u00edpio da impessoalidade na administra\u00e7\u00e3o p\u00fablica, o munic\u00edpio alugou dois im\u00f3veis localizados na Pra\u00e7a Miriel Cavalcante, de propriedade de Henrique Manoel de Andrade e Maria I\u00eada de Andrade, respectivamente, irm\u00e3o e tia do prefeito.<\/span><\/p>\n<p class=\"western\" style=\"text-align: justify;\" align=\"JUSTIFY\"><span style=\"font-size: 14pt;\">Al\u00e9m das fraudes no processo licitat\u00f3rio, a Prefeitura efetuou despesas ilegais e admitiu servidores por suposto contrato de presta\u00e7\u00e3o tempor\u00e1ria de servi\u00e7os. A contrata\u00e7\u00e3o dispensou concurso p\u00fablico ou qualquer processo administrativo que justificasse a a\u00e7\u00e3o, como prev\u00ea a Constitui\u00e7\u00e3o Federal.<\/span><\/p>\n<p class=\"western\" style=\"text-align: justify;\" align=\"JUSTIFY\"><span style=\"font-size: 14pt;\">De acordo com o procurador-geral, o prefeito \u00e9 respons\u00e1vel pelas irregularidades, j\u00e1 que respondia pela gest\u00e3o do munic\u00edpio no per\u00edodo em que ocorreram os fatos. \u201cO gestor ordenava as despesas, autorizava a realiza\u00e7\u00e3o dos processos licitat\u00f3rios, firmava os contratos e assinava os cheques. A sua responsabilidade \u00e9 indiscut\u00edvel e ineg\u00e1vel. O MPE possui uma grande quantidade de provas, obtidas durante as investiga\u00e7\u00f5es, que leva, consequentemente, ao pedido de condena\u00e7\u00e3o do acusado\u201d, afirma Tavares.<\/span><\/p>\n<p class=\"western\" style=\"text-align: justify;\" align=\"JUSTIFY\"><span style=\"font-size: 14pt;\">Se condenado pela Justi\u00e7a, Andrade poder\u00e1 perder o mandato de prefeito e ficar inabilitado para o exerc\u00edcio de cargo ou fun\u00e7\u00e3o p\u00fablica por cinco anos, al\u00e9m de restituir o dano causado ao patrim\u00f4nio p\u00fablico.<\/span><\/p>\n","protected":false},"excerpt":{"rendered":"<p> [&hellip;]<\/p>\n","protected":false},"author":2,"featured_media":4016,"comment_status":"open","ping_status":"open","sticky":false,"template":"","format":"standard","meta":{"om_disable_all_campaigns":false,"_monsterinsights_skip_tracking":false,"_monsterinsights_sitenote_active":false,"_monsterinsights_sitenote_note":"","_monsterinsights_sitenote_category":0,"_uf_show_specific_survey":0,"_uf_disable_surveys":false,"footnotes":""},"categories":[2],"tags":[],"class_list":["post-13613","post","type-post","status-publish","format-standard","has-post-thumbnail","hentry","category-not_mpal"],"aioseo_notices":[],"_links":{"self":[{"href":"https:\/\/www.mpal.mp.br\/index.php?rest_route=\/wp\/v2\/posts\/13613","targetHints":{"allow":["GET"]}}],"collection":[{"href":"https:\/\/www.mpal.mp.br\/index.php?rest_route=\/wp\/v2\/posts"}],"about":[{"href":"https:\/\/www.mpal.mp.br\/index.php?rest_route=\/wp\/v2\/types\/post"}],"author":[{"embeddable":true,"href":"https:\/\/www.mpal.mp.br\/index.php?rest_route=\/wp\/v2\/users\/2"}],"replies":[{"embeddable":true,"href":"https:\/\/www.mpal.mp.br\/index.php?rest_route=%2Fwp%2Fv2%2Fcomments&post=13613"}],"version-history":[{"count":1,"href":"https:\/\/www.mpal.mp.br\/index.php?rest_route=\/wp\/v2\/posts\/13613\/revisions"}],"predecessor-version":[{"id":13614,"href":"https:\/\/www.mpal.mp.br\/index.php?rest_route=\/wp\/v2\/posts\/13613\/revisions\/13614"}],"wp:featuredmedia":[{"embeddable":true,"href":"https:\/\/www.mpal.mp.br\/index.php?rest_route=\/wp\/v2\/media\/4016"}],"wp:attachment":[{"href":"https:\/\/www.mpal.mp.br\/index.php?rest_route=%2Fwp%2Fv2%2Fmedia&parent=13613"}],"wp:term":[{"taxonomy":"category","embeddable":true,"href":"https:\/\/www.mpal.mp.br\/index.php?rest_route=%2Fwp%2Fv2%2Fcategories&post=13613"},{"taxonomy":"post_tag","embeddable":true,"href":"https:\/\/www.mpal.mp.br\/index.php?rest_route=%2Fwp%2Fv2%2Ftags&post=13613"}],"curies":[{"name":"wp","href":"https:\/\/api.w.org\/{rel}","templated":true}]}}