{"id":13610,"date":"2012-07-31T09:45:06","date_gmt":"2012-07-31T12:45:06","guid":{"rendered":"https:\/\/www.mpal.mp.br\/?p=13610"},"modified":"2022-07-26T09:45:36","modified_gmt":"2022-07-26T12:45:36","slug":"procurador-geral-empossa-diretora-de-comunicacao-do-mpe","status":"publish","type":"post","link":"https:\/\/www.mpal.mp.br\/?p=13610","title":{"rendered":"Procurador-geral empossa diretora de comunica\u00e7\u00e3o do MPE"},"content":{"rendered":"<p class=\"western\" style=\"text-align: justify;\" align=\"JUSTIFY\"><span style=\"font-size: 14pt;\">O procurador-geral de Justi\u00e7a, Eduardo Tavares, empossou na sexta-feira (27) a nova diretora de Comunica\u00e7\u00e3o Social do MPE, a jornalista Camilla Limeira.<\/span><\/p>\n<p class=\"western\" style=\"text-align: justify;\" align=\"JUSTIFY\"><span style=\"font-size: 14pt;\">Dentre as atividades para serem realizadas ainda esse ano pelo setor, est\u00e1 a entrega do relat\u00f3rio de atividades do MPE bi\u00eanio 2011-2012.<\/span><\/p>\n<p class=\"western\" style=\"text-align: justify;\" align=\"JUSTIFY\"><span style=\"font-size: 14pt;\">Camilla Limeira \u00e9 jornalista formada pela Universidade Federal de Alagoas (UFAL) e acad\u00eamica do curso de Direito no Centro de Estudos Superiores de Macei\u00f3 (Cesmac). A nova diretora j\u00e1 trabalhou como produtora, rep\u00f3rter e apresentadora de programas jornal\u00edsticos e de entretenimento em r\u00e1dio e TV. Como assessora de imprensa, Camilla atuou na presid\u00eancia da C\u00e2mara Municipal de Macei\u00f3.<\/span><\/p>\n","protected":false},"excerpt":{"rendered":"<p> [&hellip;]<\/p>\n","protected":false},"author":2,"featured_media":13611,"comment_status":"open","ping_status":"open","sticky":false,"template":"","format":"standard","meta":{"om_disable_all_campaigns":false,"_monsterinsights_skip_tracking":false,"_monsterinsights_sitenote_active":false,"_monsterinsights_sitenote_note":"","_monsterinsights_sitenote_category":0,"_uf_show_specific_survey":0,"_uf_disable_surveys":false,"footnotes":""},"categories":[2],"tags":[],"class_list":["post-13610","post","type-post","status-publish","format-standard","has-post-thumbnail","hentry","category-not_mpal"],"aioseo_notices":[],"_links":{"self":[{"href":"https:\/\/www.mpal.mp.br\/index.php?rest_route=\/wp\/v2\/posts\/13610","targetHints":{"allow":["GET"]}}],"collection":[{"href":"https:\/\/www.mpal.mp.br\/index.php?rest_route=\/wp\/v2\/posts"}],"about":[{"href":"https:\/\/www.mpal.mp.br\/index.php?rest_route=\/wp\/v2\/types\/post"}],"author":[{"embeddable":true,"href":"https:\/\/www.mpal.mp.br\/index.php?rest_route=\/wp\/v2\/users\/2"}],"replies":[{"embeddable":true,"href":"https:\/\/www.mpal.mp.br\/index.php?rest_route=%2Fwp%2Fv2%2Fcomments&post=13610"}],"version-history":[{"count":1,"href":"https:\/\/www.mpal.mp.br\/index.php?rest_route=\/wp\/v2\/posts\/13610\/revisions"}],"predecessor-version":[{"id":13612,"href":"https:\/\/www.mpal.mp.br\/index.php?rest_route=\/wp\/v2\/posts\/13610\/revisions\/13612"}],"wp:featuredmedia":[{"embeddable":true,"href":"https:\/\/www.mpal.mp.br\/index.php?rest_route=\/wp\/v2\/media\/13611"}],"wp:attachment":[{"href":"https:\/\/www.mpal.mp.br\/index.php?rest_route=%2Fwp%2Fv2%2Fmedia&parent=13610"}],"wp:term":[{"taxonomy":"category","embeddable":true,"href":"https:\/\/www.mpal.mp.br\/index.php?rest_route=%2Fwp%2Fv2%2Fcategories&post=13610"},{"taxonomy":"post_tag","embeddable":true,"href":"https:\/\/www.mpal.mp.br\/index.php?rest_route=%2Fwp%2Fv2%2Ftags&post=13610"}],"curies":[{"name":"wp","href":"https:\/\/api.w.org\/{rel}","templated":true}]}}