{"id":13607,"date":"2012-08-02T09:43:28","date_gmt":"2012-08-02T12:43:28","guid":{"rendered":"https:\/\/www.mpal.mp.br\/?p=13607"},"modified":"2022-07-26T09:44:34","modified_gmt":"2022-07-26T12:44:34","slug":"procurador-geral-pede-suspensao-de-contratacoes-temporarias-em-arapiraca","status":"publish","type":"post","link":"https:\/\/www.mpal.mp.br\/?p=13607","title":{"rendered":"Procurador-geral pede suspens\u00e3o de contrata\u00e7\u00f5es tempor\u00e1rias em Arapiraca"},"content":{"rendered":"<p class=\"western\" style=\"text-align: justify;\" align=\"JUSTIFY\"><span style=\"font-size: 14pt;\">O Minist\u00e9rio P\u00fablico Estadual, por meio do procurador-geral de Justi\u00e7a, Eduardo Tavares, ingressou com uma A\u00e7\u00e3o Direta de Inconstitucionalidade (Adin) no Tribunal de Justi\u00e7a contra a contrata\u00e7\u00e3o tempor\u00e1ria no munic\u00edpio de Arapiraca. O MPE pede a retirada do inciso III, do artigo 222 da Lei Municipal 1782\/1993, alterada pela Lei 2008\/98, que autoriza a contrata\u00e7\u00e3o por at\u00e9 quatro anos de funcion\u00e1rios para atender interesses permanentes dos \u00f3rg\u00e3os p\u00fablicos da cidade.<\/span><\/p>\n<p class=\"western\" style=\"text-align: justify;\" align=\"JUSTIFY\"><span style=\"font-size: 14pt;\">Tavares tamb\u00e9m solicita a concess\u00e3o de liminar para imediata suspens\u00e3o do dispositivo legal at\u00e9 o julgamento da Adin, de modo a impedir novas contrata\u00e7\u00f5es tempor\u00e1rias pelo munic\u00edpio. Al\u00e9m da suspens\u00e3o, o MPE pede ao Poder Judici\u00e1rio a notifica\u00e7\u00e3o do prefeito, procurador-geral de Arapiraca e presidente da C\u00e2mara Municipal para prestarem informa\u00e7\u00f5es sobre o caso.<\/span><\/p>\n<p class=\"western\" style=\"text-align: justify;\" align=\"JUSTIFY\"><span style=\"font-size: 14pt;\">De acordo com o procurador-geral, a contrata\u00e7\u00e3o por tempo determinado, e suas sucessivas renova\u00e7\u00f5es, s\u00f3 pode ser realizada em situa\u00e7\u00f5es de excepcional interesse p\u00fablico, de forma racional e com finalidade estabelecida, sob pena de ferir a Constitui\u00e7\u00e3o do Estado de Alagoas.<\/span><\/p>\n<p class=\"western\" style=\"text-align: justify;\" align=\"JUSTIFY\"><span style=\"font-size: 14pt;\">\u201cAo insistir com contrata\u00e7\u00f5es tempor\u00e1rias, o munic\u00edpio de Arapiraca deixa de convocar servidores aprovados em concurso p\u00fablico, at\u00e9 porque abandona qualquer hip\u00f3tese de novos processos seletivos. A falta de servidores efetivos fragiliza toda a Administra\u00e7\u00e3o P\u00fablica, dificultando, inclusive, o planejamento e desenvolvimento da gest\u00e3o municipal\u201d, explica Tavares.<\/span><\/p>\n<p class=\"western\" style=\"text-align: justify;\" align=\"JUSTIFY\"><span style=\"font-size: 14pt;\">Na Adin, o MPE destaca o prazo dado pela Lei Municipal para dura\u00e7\u00e3o dos contratos tempor\u00e1rios. A contrata\u00e7\u00e3o pode durar at\u00e9 quatro anos, j\u00e1 contado o per\u00edodo de prorroga\u00e7\u00e3o, o que totalizaria um mandato completo do chefe do executivo. Em cidades como Recife e Fortaleza, a Lei Org\u00e2nica do Munic\u00edpio estabelece o prazo m\u00e1ximo de 12 e seis meses, respectivamente. No caso da capital pernambucana, \u00e9 vedada qualquer recontrata\u00e7\u00e3o.<\/span><\/p>\n","protected":false},"excerpt":{"rendered":"<p> [&hellip;]<\/p>\n","protected":false},"author":2,"featured_media":13608,"comment_status":"open","ping_status":"open","sticky":false,"template":"","format":"standard","meta":{"om_disable_all_campaigns":false,"_monsterinsights_skip_tracking":false,"_monsterinsights_sitenote_active":false,"_monsterinsights_sitenote_note":"","_monsterinsights_sitenote_category":0,"_uf_show_specific_survey":0,"_uf_disable_surveys":false,"footnotes":""},"categories":[2],"tags":[],"class_list":["post-13607","post","type-post","status-publish","format-standard","has-post-thumbnail","hentry","category-not_mpal"],"aioseo_notices":[],"_links":{"self":[{"href":"https:\/\/www.mpal.mp.br\/index.php?rest_route=\/wp\/v2\/posts\/13607","targetHints":{"allow":["GET"]}}],"collection":[{"href":"https:\/\/www.mpal.mp.br\/index.php?rest_route=\/wp\/v2\/posts"}],"about":[{"href":"https:\/\/www.mpal.mp.br\/index.php?rest_route=\/wp\/v2\/types\/post"}],"author":[{"embeddable":true,"href":"https:\/\/www.mpal.mp.br\/index.php?rest_route=\/wp\/v2\/users\/2"}],"replies":[{"embeddable":true,"href":"https:\/\/www.mpal.mp.br\/index.php?rest_route=%2Fwp%2Fv2%2Fcomments&post=13607"}],"version-history":[{"count":1,"href":"https:\/\/www.mpal.mp.br\/index.php?rest_route=\/wp\/v2\/posts\/13607\/revisions"}],"predecessor-version":[{"id":13609,"href":"https:\/\/www.mpal.mp.br\/index.php?rest_route=\/wp\/v2\/posts\/13607\/revisions\/13609"}],"wp:featuredmedia":[{"embeddable":true,"href":"https:\/\/www.mpal.mp.br\/index.php?rest_route=\/wp\/v2\/media\/13608"}],"wp:attachment":[{"href":"https:\/\/www.mpal.mp.br\/index.php?rest_route=%2Fwp%2Fv2%2Fmedia&parent=13607"}],"wp:term":[{"taxonomy":"category","embeddable":true,"href":"https:\/\/www.mpal.mp.br\/index.php?rest_route=%2Fwp%2Fv2%2Fcategories&post=13607"},{"taxonomy":"post_tag","embeddable":true,"href":"https:\/\/www.mpal.mp.br\/index.php?rest_route=%2Fwp%2Fv2%2Ftags&post=13607"}],"curies":[{"name":"wp","href":"https:\/\/api.w.org\/{rel}","templated":true}]}}