{"id":13604,"date":"2012-08-02T09:42:03","date_gmt":"2012-08-02T12:42:03","guid":{"rendered":"https:\/\/www.mpal.mp.br\/?p=13604"},"modified":"2022-07-26T09:42:58","modified_gmt":"2022-07-26T12:42:58","slug":"lei-complementar-cria-subprocuradorias-gerais-do-mpe","status":"publish","type":"post","link":"https:\/\/www.mpal.mp.br\/?p=13604","title":{"rendered":"Lei Complementar cria Subprocuradorias-Gerais do MPE"},"content":{"rendered":"<p style=\"text-align: justify;\"><span style=\"font-size: 14pt;\">Com a publica\u00e7\u00e3o da Lei Complementar n\u00ba 34\/12 nesta quinta-feira (02), o Minist\u00e9rio P\u00fablico Estadual cria a Subprocuradoria-Geral Administrativo-Institucional e Subprocuradoria-Geral Judicial, que ser\u00e3o assumidas pelos procuradores S\u00e9rgio Juc\u00e1 e Afr\u00e2nio Roberto, respectivamente.<\/span><\/p>\n<p style=\"text-align: justify;\"><span style=\"font-size: 14pt;\">De acordo com a lei, compete ao subprocurador-geral Administrativo-Institucional o exerc\u00edcio de fun\u00e7\u00f5es delegadas como \u00f3rg\u00e3o da administra\u00e7\u00e3o geral, a coordena\u00e7\u00e3o de servi\u00e7os auxiliares de apoio t\u00e9cnico e administrativo e outras previstas em ato da Procuradoria Geral de Justi\u00e7a. J\u00e1 o subprocurador-geral Judicial fica respons\u00e1vel principalmente pelo exerc\u00edcio de fun\u00e7\u00f5es delegadas como \u00f3rg\u00e3o de execu\u00e7\u00e3o e a supervis\u00e3o da Assessoria T\u00e9cnica.<\/span><\/p>\n<p class=\"western\" style=\"text-align: justify;\"><span style=\"font-size: 14pt;\">Os dois subprocuradores-gerais substituem, de forma autom\u00e1tica e sucessiva, o procurador-geral de Justi\u00e7a em casos de afastamento e impedimento. Na falta ou aus\u00eancia de ambos, o procurador de Justi\u00e7a mais antigo responde pelo MPE. Fica extinta a fun\u00e7\u00e3o de procurador-geral de Justi\u00e7a substituto. \u201c\u00c9 o aprimoramento institucional ocorrendo no dia a dia do nosso MPE\u201d, afirma Tavares.<\/span><\/p>\n<p class=\"western\" style=\"text-align: justify;\"><span style=\"font-size: 14pt;\">A nova legisla\u00e7\u00e3o tamb\u00e9m cria a Ouvidoria do MPE, na condi\u00e7\u00e3o de \u00f3rg\u00e3o auxiliar do Col\u00e9gio de Procuradores de Justi\u00e7a, com o objetivo de acolher reclama\u00e7\u00f5es e den\u00fancias contra membros, servidores e \u00f3rg\u00e3os da Casa. A Ouvidoria tem o poder de representar diretamente ao Conselho Superior do Minist\u00e9rio P\u00fablico e ao Conselho Nacional do Minist\u00e9rio P\u00fablico.<\/span><\/p>\n<p class=\"western\" style=\"text-align: justify;\"><span style=\"font-size: 14pt;\">Foram criadas ainda a Assessoria de Planejamento e Gest\u00e3o Estrat\u00e9gica, a Assessoria Especial da Procuradoria Geral de Justi\u00e7a e as Coordenadorias Regionais do MPE. As estruturas e atribui\u00e7\u00f5es das novas fun\u00e7\u00f5es ser\u00e3o regulamentadas por atos do procurador-geral de Justi\u00e7a. A Lei Complementar est\u00e1 dispon\u00edvel na \u00edntegra no Di\u00e1rio Oficial de hoje.<\/span><\/p>\n","protected":false},"excerpt":{"rendered":"<p> [&hellip;]<\/p>\n","protected":false},"author":2,"featured_media":13605,"comment_status":"open","ping_status":"open","sticky":false,"template":"","format":"standard","meta":{"om_disable_all_campaigns":false,"_monsterinsights_skip_tracking":false,"_monsterinsights_sitenote_active":false,"_monsterinsights_sitenote_note":"","_monsterinsights_sitenote_category":0,"_uf_show_specific_survey":0,"_uf_disable_surveys":false,"footnotes":""},"categories":[2],"tags":[],"class_list":["post-13604","post","type-post","status-publish","format-standard","has-post-thumbnail","hentry","category-not_mpal"],"aioseo_notices":[],"_links":{"self":[{"href":"https:\/\/www.mpal.mp.br\/index.php?rest_route=\/wp\/v2\/posts\/13604","targetHints":{"allow":["GET"]}}],"collection":[{"href":"https:\/\/www.mpal.mp.br\/index.php?rest_route=\/wp\/v2\/posts"}],"about":[{"href":"https:\/\/www.mpal.mp.br\/index.php?rest_route=\/wp\/v2\/types\/post"}],"author":[{"embeddable":true,"href":"https:\/\/www.mpal.mp.br\/index.php?rest_route=\/wp\/v2\/users\/2"}],"replies":[{"embeddable":true,"href":"https:\/\/www.mpal.mp.br\/index.php?rest_route=%2Fwp%2Fv2%2Fcomments&post=13604"}],"version-history":[{"count":1,"href":"https:\/\/www.mpal.mp.br\/index.php?rest_route=\/wp\/v2\/posts\/13604\/revisions"}],"predecessor-version":[{"id":13606,"href":"https:\/\/www.mpal.mp.br\/index.php?rest_route=\/wp\/v2\/posts\/13604\/revisions\/13606"}],"wp:featuredmedia":[{"embeddable":true,"href":"https:\/\/www.mpal.mp.br\/index.php?rest_route=\/wp\/v2\/media\/13605"}],"wp:attachment":[{"href":"https:\/\/www.mpal.mp.br\/index.php?rest_route=%2Fwp%2Fv2%2Fmedia&parent=13604"}],"wp:term":[{"taxonomy":"category","embeddable":true,"href":"https:\/\/www.mpal.mp.br\/index.php?rest_route=%2Fwp%2Fv2%2Fcategories&post=13604"},{"taxonomy":"post_tag","embeddable":true,"href":"https:\/\/www.mpal.mp.br\/index.php?rest_route=%2Fwp%2Fv2%2Ftags&post=13604"}],"curies":[{"name":"wp","href":"https:\/\/api.w.org\/{rel}","templated":true}]}}