{"id":13602,"date":"2012-08-03T09:40:25","date_gmt":"2012-08-03T12:40:25","guid":{"rendered":"https:\/\/www.mpal.mp.br\/?p=13602"},"modified":"2022-07-26T09:41:28","modified_gmt":"2022-07-26T12:41:28","slug":"mpe-entra-com-acao-cautelar-para-garantir-pagamento-de-servidores-em-maribondo","status":"publish","type":"post","link":"https:\/\/www.mpal.mp.br\/?p=13602","title":{"rendered":"MPE entra com a\u00e7\u00e3o cautelar para garantir pagamento de servidores em Maribondo"},"content":{"rendered":"<p class=\"western\" style=\"text-align: justify;\" align=\"JUSTIFY\"><span style=\"font-size: 14pt;\">O Minist\u00e9rio P\u00fablico Estadual, por interm\u00e9dio da Promotoria de Justi\u00e7a de Maribondo, ajuizou a\u00e7\u00e3o cautelar preparat\u00f3ria \u00e0 a\u00e7\u00e3o civil p\u00fablica na Justi\u00e7a para garantir o pagamento dos servidores do munic\u00edpio, que est\u00e3o com os sal\u00e1rios atrasados desde junho. O MPE pede o bloqueio das contas municipais na quantia suficiente para o pagamento do funcionalismo p\u00fablico.<\/span><\/p>\n<p class=\"western\" style=\"text-align: justify;\" align=\"JUSTIFY\"><span style=\"font-size: 14pt;\">Nos \u00faltimos meses, a promotora Neide Cam\u00ealo recebeu in\u00fameras representa\u00e7\u00f5es de entidades classistas que reclamam da falta de compromisso da Prefeitura Municipal com direitos trabalhistas. Al\u00e9m de junho e julho, a gest\u00e3o de Maribondo demorou a realizar o pagamento de maio e deixou de pagar adicional de insalubridade e f\u00e9rias aos funcion\u00e1rios, que chegam a levar 15 dias para receber a remunera\u00e7\u00e3o, a depender da faixa salarial.<\/span><\/p>\n<p class=\"western\" style=\"text-align: justify;\" align=\"JUSTIFY\"><span style=\"font-size: 14pt;\">Em conjunto com o n\u00facleo de Defesa do Patrim\u00f4nio P\u00fablica do MPE, a Promotoria instaurou inqu\u00e9ritos civis p\u00fablicos para apurar as den\u00fancias encaminhadas contra o prefeito Jos\u00e9 M\u00e1rcio Ten\u00f3rio de Melo, inclusive com o envio de recomenda\u00e7\u00f5es para regularizar a folha de pagamento da Prefeitura.<\/span><\/p>\n<p class=\"western\" style=\"text-align: justify;\" align=\"JUSTIFY\"><span style=\"font-size: 14pt;\">De acordo com Cam\u00ealo, existe uma grave desorganiza\u00e7\u00e3o administrativa, que deixa o munic\u00edpio subordinado \u00e0 vontade do gestor. \u201cO prefeito paga os sal\u00e1rios como e quando quer, a ponto de propor aos servidores a divis\u00e3o do sal\u00e1rio do m\u00eas de junho em parcelas a serem pagas at\u00e9 o final do seu mandato\u201d, ressalta a promotora.<\/span><\/p>\n<p class=\"western\" style=\"text-align: justify;\" align=\"JUSTIFY\"><span style=\"font-size: 14pt;\">A a\u00e7\u00e3o cautelar tem car\u00e1ter alimentar, j\u00e1 que os funcion\u00e1rios dependem da remunera\u00e7\u00e3o para promover o pr\u00f3prio sustento e o da fam\u00edlia, conforme prev\u00ea o C\u00f3digo de Processo Civil. Com a medida, o MPE age em defesa dos direitos individuais homog\u00eaneos e do equil\u00edbrio administrativo na \u00e1rea p\u00fablica.<\/span><\/p>\n","protected":false},"excerpt":{"rendered":"<p> [&hellip;]<\/p>\n","protected":false},"author":2,"featured_media":3993,"comment_status":"open","ping_status":"open","sticky":false,"template":"","format":"standard","meta":{"om_disable_all_campaigns":false,"_monsterinsights_skip_tracking":false,"_monsterinsights_sitenote_active":false,"_monsterinsights_sitenote_note":"","_monsterinsights_sitenote_category":0,"_uf_show_specific_survey":0,"_uf_disable_surveys":false,"footnotes":""},"categories":[2],"tags":[],"class_list":["post-13602","post","type-post","status-publish","format-standard","has-post-thumbnail","hentry","category-not_mpal"],"aioseo_notices":[],"_links":{"self":[{"href":"https:\/\/www.mpal.mp.br\/index.php?rest_route=\/wp\/v2\/posts\/13602","targetHints":{"allow":["GET"]}}],"collection":[{"href":"https:\/\/www.mpal.mp.br\/index.php?rest_route=\/wp\/v2\/posts"}],"about":[{"href":"https:\/\/www.mpal.mp.br\/index.php?rest_route=\/wp\/v2\/types\/post"}],"author":[{"embeddable":true,"href":"https:\/\/www.mpal.mp.br\/index.php?rest_route=\/wp\/v2\/users\/2"}],"replies":[{"embeddable":true,"href":"https:\/\/www.mpal.mp.br\/index.php?rest_route=%2Fwp%2Fv2%2Fcomments&post=13602"}],"version-history":[{"count":1,"href":"https:\/\/www.mpal.mp.br\/index.php?rest_route=\/wp\/v2\/posts\/13602\/revisions"}],"predecessor-version":[{"id":13603,"href":"https:\/\/www.mpal.mp.br\/index.php?rest_route=\/wp\/v2\/posts\/13602\/revisions\/13603"}],"wp:featuredmedia":[{"embeddable":true,"href":"https:\/\/www.mpal.mp.br\/index.php?rest_route=\/wp\/v2\/media\/3993"}],"wp:attachment":[{"href":"https:\/\/www.mpal.mp.br\/index.php?rest_route=%2Fwp%2Fv2%2Fmedia&parent=13602"}],"wp:term":[{"taxonomy":"category","embeddable":true,"href":"https:\/\/www.mpal.mp.br\/index.php?rest_route=%2Fwp%2Fv2%2Fcategories&post=13602"},{"taxonomy":"post_tag","embeddable":true,"href":"https:\/\/www.mpal.mp.br\/index.php?rest_route=%2Fwp%2Fv2%2Ftags&post=13602"}],"curies":[{"name":"wp","href":"https:\/\/api.w.org\/{rel}","templated":true}]}}