{"id":13599,"date":"2012-08-09T09:39:36","date_gmt":"2012-08-09T12:39:36","guid":{"rendered":"https:\/\/www.mpal.mp.br\/?p=13599"},"modified":"2022-07-26T09:39:56","modified_gmt":"2022-07-26T12:39:56","slug":"quem-tem-medo-do-ministerio-publico","status":"publish","type":"post","link":"https:\/\/www.mpal.mp.br\/?p=13599","title":{"rendered":"Quem tem medo do Minist\u00e9rio P\u00fablico?"},"content":{"rendered":"<p style=\"text-align: justify;\" align=\"justify\"><span style=\"font-size: 14pt;\">Tramita no Congresso Nacional o Projeto de Emenda Constitucional n\u00ba 37, conhecido pela sugestiva alcunha de &#8220;PEC da Impunidade&#8221;. O processo legislativo foi desencadeado por um delegado de pol\u00edcia, atual membro da C\u00e2mara dos Deputados, e visa consolidar o monop\u00f3lio da investiga\u00e7\u00e3o criminal nas m\u00e3os das pol\u00edcias judici\u00e1rias estaduais e federal e tem um alvo: o Minist\u00e9rio P\u00fablico.<\/span><\/p>\n<p style=\"text-align: justify;\" align=\"justify\"><span style=\"font-size: 14pt;\">A pergunta que nos assalta \u00e9 a seguinte: a quem interessa a cria\u00e7\u00e3o dessa pretensa reserva de mercado? Na esteira dessa indaga\u00e7\u00e3o, h\u00e1 de se perquirir se nossas pol\u00edcias est\u00e3o preparadas para responder pela apura\u00e7\u00e3o de toda a vasta gama de crimes praticados no territ\u00f3rio nacional. Mais: crimes h\u00e1 cujos autores contam, em virtude de sua posi\u00e7\u00e3o social, com a complac\u00eancia \u2013 quando n\u00e3o com a cumplicidade \u2013 de autoridades de alto coturno, com poder de influ\u00eancia sobre a estrutura policial, disposta e indisposta segundo interesses nem sempre leg\u00edtimos dos ocupantes provis\u00f3rios do poder. Esses crimes, como estamos cansados de saber, deixam de ser devidamente apurados, gerando cada vez mais impunidade.<\/span><\/p>\n<p style=\"text-align: justify;\" align=\"justify\"><span style=\"font-size: 14pt;\">Estudo realizado a partir da pesquisa intitulada &#8220;Mapas da Viol\u00eancia 2011&#8221;, do Minist\u00e9rio da Justi\u00e7a, revela que apenas 8% dos homic\u00eddios praticados no Pa\u00eds s\u00e3o solucionados \u2013 via de regra os respons\u00e1veis s\u00e3o pessoas humildes. Por incr\u00edvel que pare\u00e7a, os 92% restantes s\u00e3o deixados no limbo do esquecimento e da impunidade. Segundo abalizada conclus\u00e3o dos pesquisadores, esse resultado absolutamente insatisfat\u00f3rio se deve \u00e0 falta de investimento no setor e a burocracia, dando como consequ\u00eancia o sucateamento das delegacias, a cr\u00f4nica falta de pessoal e a prec\u00e1ria qualifica\u00e7\u00e3o\/profissionaliza\u00e7\u00e3o dos quadros policiais.<\/span><\/p>\n<p style=\"text-align: justify;\" align=\"justify\"><span style=\"font-size: 14pt;\">O Minist\u00e9rio P\u00fablico n\u00e3o pretende se substituir \u00e0 pol\u00edcia judici\u00e1ria no papel investigativo t\u00edpico do inqu\u00e9rito policial; titular da a\u00e7\u00e3o penal, a Institui\u00e7\u00e3o vem atuando nessa \u00e1rea em situa\u00e7\u00f5es espec\u00edficas e quando desafiada pelas circunst\u00e2ncias dos fatos, principalmente nos chamados &#8220;crimes do colarinho branco&#8221; &#8211; com a chancela do Supremo Tribunal Federal. Pugnamos pela pluralidade de \u00f3rg\u00e3os e agentes p\u00fablicos na atividade investigat\u00f3ria criminal, porque s\u00f3 assim,\u00a0 com esp\u00edrito republicano, poderemos dar seguran\u00e7a \u00e0 sociedade brasileira.<\/span><\/p>\n<p style=\"text-align: justify;\" align=\"justify\"><span style=\"font-size: 14pt;\">Eduardo Tavares Mendes &#8211; Procurador-geral de Justi\u00e7a<\/span><\/p>\n","protected":false},"excerpt":{"rendered":"<p> [&hellip;]<\/p>\n","protected":false},"author":2,"featured_media":3993,"comment_status":"open","ping_status":"open","sticky":false,"template":"","format":"standard","meta":{"om_disable_all_campaigns":false,"_monsterinsights_skip_tracking":false,"_monsterinsights_sitenote_active":false,"_monsterinsights_sitenote_note":"","_monsterinsights_sitenote_category":0,"_uf_show_specific_survey":0,"_uf_disable_surveys":false,"footnotes":""},"categories":[2],"tags":[],"class_list":["post-13599","post","type-post","status-publish","format-standard","has-post-thumbnail","hentry","category-not_mpal"],"aioseo_notices":[],"_links":{"self":[{"href":"https:\/\/www.mpal.mp.br\/index.php?rest_route=\/wp\/v2\/posts\/13599","targetHints":{"allow":["GET"]}}],"collection":[{"href":"https:\/\/www.mpal.mp.br\/index.php?rest_route=\/wp\/v2\/posts"}],"about":[{"href":"https:\/\/www.mpal.mp.br\/index.php?rest_route=\/wp\/v2\/types\/post"}],"author":[{"embeddable":true,"href":"https:\/\/www.mpal.mp.br\/index.php?rest_route=\/wp\/v2\/users\/2"}],"replies":[{"embeddable":true,"href":"https:\/\/www.mpal.mp.br\/index.php?rest_route=%2Fwp%2Fv2%2Fcomments&post=13599"}],"version-history":[{"count":2,"href":"https:\/\/www.mpal.mp.br\/index.php?rest_route=\/wp\/v2\/posts\/13599\/revisions"}],"predecessor-version":[{"id":13601,"href":"https:\/\/www.mpal.mp.br\/index.php?rest_route=\/wp\/v2\/posts\/13599\/revisions\/13601"}],"wp:featuredmedia":[{"embeddable":true,"href":"https:\/\/www.mpal.mp.br\/index.php?rest_route=\/wp\/v2\/media\/3993"}],"wp:attachment":[{"href":"https:\/\/www.mpal.mp.br\/index.php?rest_route=%2Fwp%2Fv2%2Fmedia&parent=13599"}],"wp:term":[{"taxonomy":"category","embeddable":true,"href":"https:\/\/www.mpal.mp.br\/index.php?rest_route=%2Fwp%2Fv2%2Fcategories&post=13599"},{"taxonomy":"post_tag","embeddable":true,"href":"https:\/\/www.mpal.mp.br\/index.php?rest_route=%2Fwp%2Fv2%2Ftags&post=13599"}],"curies":[{"name":"wp","href":"https:\/\/api.w.org\/{rel}","templated":true}]}}