{"id":13588,"date":"2012-08-10T09:34:43","date_gmt":"2012-08-10T12:34:43","guid":{"rendered":"https:\/\/www.mpal.mp.br\/?p=13588"},"modified":"2022-07-26T09:36:00","modified_gmt":"2022-07-26T12:36:00","slug":"secretaria-apresenta-campanha-ao-mpe","status":"publish","type":"post","link":"https:\/\/www.mpal.mp.br\/?p=13588","title":{"rendered":"Secretaria apresenta campanha ao MPE"},"content":{"rendered":"<p style=\"text-align: justify;\"><span style=\"font-size: 14pt;\">A secret\u00e1ria da Mulher, Cidadania e dos Direitos Humanos, Katia Born, se reuniu, nesta quinta-feira (9), com o procurador-geral de Justi\u00e7a, Eduardo Tavares, para discutir o lan\u00e7amento da campanha \u201cCompromisso e Atitude pela Lei Maria da Penha \u2013 A lei \u00e9 mais forte\u201d, que ocorrer\u00e1 no dia 17 de setembro. O encontro foi realizado na sede do Minist\u00e9rio P\u00fablico Estadual e foi o primeiro de uma s\u00e9rie de reuni\u00f5es que ser\u00e3o realizadas para definir os detalhes da campanha.<\/span><\/p>\n<p style=\"text-align: justify;\"><span style=\"font-size: 14pt;\">Acompanhada da superintendente de Promo\u00e7\u00e3o de Pol\u00edticas para as Mulheres, Solange Vi\u00e9gas, Katia Born fez uma breve apresenta\u00e7\u00e3o da campanha. Segundo a secret\u00e1ria, a atividade \u00e9 uma a\u00e7\u00e3o integrada entre o Executivo, Justi\u00e7a, MPE e Seguran\u00e7a P\u00fablica para dar celeridade aos inqu\u00e9ritos nos casos de viol\u00eancia contra a mulher.<\/span><\/p>\n<p style=\"text-align: justify;\"><span style=\"font-size: 14pt;\">\u201cO objetivo \u00e9 envolver o sistema de Justi\u00e7a e Seguran\u00e7a e o Executivo no enfrentamento \u00e0 impunidade, como tamb\u00e9m o esfor\u00e7o de responsabiliza\u00e7\u00e3o de agress\u00f5es e assassinatos de mulheres no pa\u00eds\u201d, frisou.<\/span><\/p>\n<p style=\"text-align: justify;\"><span style=\"font-size: 14pt;\">Ao destacar a import\u00e2ncia da iniciativa para o enfrentamento \u00e0 viol\u00eancia contra a mulher, o procurador-geral de Justi\u00e7a, Eduardo Tavares, colocou a estrutura da institui\u00e7\u00e3o \u00e0 disposi\u00e7\u00e3o da campanha, a exemplo de audit\u00f3rio para reuni\u00f5es e a coordenadoria de comunica\u00e7\u00e3o social.<\/span><\/p>\n<p style=\"text-align: justify;\"><span style=\"font-size: 14pt;\">Na oportunidade, ele indicou a promotora de Justi\u00e7a, Hylza Torres, para a Comiss\u00e3o da campanha. \u201c\u00c9 inconceb\u00edvel que em pleno s\u00e9culo 21 a mulher ainda pade\u00e7a com as falhas comportamentais de uma popula\u00e7\u00e3o que guarda, ainda, resqu\u00edcios de uma sociedade autoritaria e patriarcal. Portanto, essa campanha vem em boa hora para debelar esse mal\u201d, assinalou ele.<\/span><\/p>\n<p style=\"text-align: justify;\"><span style=\"font-size: 14pt;\">A campanha foi lan\u00e7ada, na ter\u00e7a-feira (7), em n\u00edvel nacional, pela ministra Eleonora Menicucci, da Secretaria de Pol\u00edticas para as Mulheres da Presid\u00eancia da Rep\u00fablica, em Bras\u00edlia, durante a abertura do encontro nacional \u201cO Papel das Delegacias no Enfrentamento \u00e0 Viol\u00eancia contra as Mulheres\u201d.<\/span><\/p>\n<p style=\"text-align: justify;\"><span style=\"font-size: 14pt;\">A campanha ter\u00e1 como institui\u00e7\u00f5es parceiras o Minist\u00e9rio da Justi\u00e7a, o Conselho Nacional de Justi\u00e7a, o Col\u00e9gio Permanente dos Presidentes dos Tribunais de Justi\u00e7a, o Conselho Nacional dos Procuradores Gerais de Justi\u00e7a e o Conselho Nacional dos Defensores P\u00fablicos Gerais.<\/span><\/p>\n<p style=\"text-align: justify;\"><span style=\"font-size: 14pt;\"><em>Com informa\u00e7\u00f5es da Assessoria de Comunica\u00e7\u00e3o da Secretaria da Mulher, Cidadania e dos Direitos Humanos.<\/em><\/span><\/p>\n","protected":false},"excerpt":{"rendered":"<p> [&hellip;]<\/p>\n","protected":false},"author":2,"featured_media":13589,"comment_status":"open","ping_status":"open","sticky":false,"template":"","format":"standard","meta":{"om_disable_all_campaigns":false,"_monsterinsights_skip_tracking":false,"_monsterinsights_sitenote_active":false,"_monsterinsights_sitenote_note":"","_monsterinsights_sitenote_category":0,"_uf_show_specific_survey":0,"_uf_disable_surveys":false,"footnotes":""},"categories":[2],"tags":[],"class_list":["post-13588","post","type-post","status-publish","format-standard","has-post-thumbnail","hentry","category-not_mpal"],"aioseo_notices":[],"_links":{"self":[{"href":"https:\/\/www.mpal.mp.br\/index.php?rest_route=\/wp\/v2\/posts\/13588","targetHints":{"allow":["GET"]}}],"collection":[{"href":"https:\/\/www.mpal.mp.br\/index.php?rest_route=\/wp\/v2\/posts"}],"about":[{"href":"https:\/\/www.mpal.mp.br\/index.php?rest_route=\/wp\/v2\/types\/post"}],"author":[{"embeddable":true,"href":"https:\/\/www.mpal.mp.br\/index.php?rest_route=\/wp\/v2\/users\/2"}],"replies":[{"embeddable":true,"href":"https:\/\/www.mpal.mp.br\/index.php?rest_route=%2Fwp%2Fv2%2Fcomments&post=13588"}],"version-history":[{"count":2,"href":"https:\/\/www.mpal.mp.br\/index.php?rest_route=\/wp\/v2\/posts\/13588\/revisions"}],"predecessor-version":[{"id":13591,"href":"https:\/\/www.mpal.mp.br\/index.php?rest_route=\/wp\/v2\/posts\/13588\/revisions\/13591"}],"wp:featuredmedia":[{"embeddable":true,"href":"https:\/\/www.mpal.mp.br\/index.php?rest_route=\/wp\/v2\/media\/13589"}],"wp:attachment":[{"href":"https:\/\/www.mpal.mp.br\/index.php?rest_route=%2Fwp%2Fv2%2Fmedia&parent=13588"}],"wp:term":[{"taxonomy":"category","embeddable":true,"href":"https:\/\/www.mpal.mp.br\/index.php?rest_route=%2Fwp%2Fv2%2Fcategories&post=13588"},{"taxonomy":"post_tag","embeddable":true,"href":"https:\/\/www.mpal.mp.br\/index.php?rest_route=%2Fwp%2Fv2%2Ftags&post=13588"}],"curies":[{"name":"wp","href":"https:\/\/api.w.org\/{rel}","templated":true}]}}