{"id":13585,"date":"2012-08-13T09:32:33","date_gmt":"2012-08-13T12:32:33","guid":{"rendered":"https:\/\/www.mpal.mp.br\/?p=13585"},"modified":"2022-07-26T09:34:05","modified_gmt":"2022-07-26T12:34:05","slug":"aula-inaugural-apresenta-curso-de-gerenciamento-de-projetos","status":"publish","type":"post","link":"https:\/\/www.mpal.mp.br\/?p=13585","title":{"rendered":"Aula inaugural apresenta curso de gerenciamento de projetos"},"content":{"rendered":"<p class=\"western\" style=\"text-align: justify;\" align=\"JUSTIFY\"><span style=\"font-size: 14pt;\">Membros e servidores do Minist\u00e9rio P\u00fablico Estadual conheceram hoje o curso de Introdu\u00e7\u00e3o \u00e0 Elabora\u00e7\u00e3o e ao Gerenciamento de Projetos, que come\u00e7a nesta sexta-feira na Escola Superior do Minist\u00e9rio P\u00fablico (ESMP). A psic\u00f3loga e especialista em gest\u00e3o empresarial, Aline G\u00f3es, ministrou aula inaugural para alunos das duas turmas inscritos no programa de capacita\u00e7\u00e3o profissional. A iniciativa \u00e9 da Assessoria de Planejamento e Gest\u00e3o Estrat\u00e9gica do MPE, coordenada pelo promotor Humberto Pimentel.<\/span><\/p>\n<p class=\"western\" style=\"text-align: justify;\" align=\"JUSTIFY\"><span style=\"font-size: 14pt;\">O chefe do MPE, Eduardo Tavares, ressaltou a necessidade de modernizar a administra\u00e7\u00e3o p\u00fablica com base na organiza\u00e7\u00e3o estrat\u00e9gica e investimento em pessoal. \u201cTodas as nossas a\u00e7\u00f5es podem ser acompanhadas pelo plano estrat\u00e9gico que compreende o per\u00edodo de 2011 a 2022. Cada passo nosso tem como refer\u00eancia as metas estabelecidas no plano. \u00c9 em torno delas que avan\u00e7amos em estrutura, tecnologia e, principalmente, no aperfei\u00e7oamento dos servidores e agentes ministeriais\u201d, disse Tavares.<\/span><\/p>\n<p class=\"western\" style=\"text-align: justify;\" align=\"JUSTIFY\"><span style=\"font-size: 14pt;\">Atento \u00e0 implanta\u00e7\u00e3o do planejamento, Pimentel lembra que as novas turmas s\u00e3o consequ\u00eancia dos trabalhos realizados junto ao primeiro grupo de estudantes. \u201cEu mesmo fui aluno do curso no semestre passado. A moderniza\u00e7\u00e3o da gest\u00e3o do MPE passa pela elabora\u00e7\u00e3o de projetos que dialoguem com o plano estrat\u00e9gico e sejam executados do modo mais profissional poss\u00edvel\u201d, explica o promotor.<\/span><\/p>\n<p class=\"western\" style=\"text-align: justify;\" align=\"JUSTIFY\"><span style=\"font-size: 14pt;\">O curso de gerenciamento de projeto visa trazer melhorias nos servi\u00e7os administrativos e de atendimento \u00e0 popula\u00e7\u00e3o. Entre os seus principais benef\u00edcios, est\u00e3o o controle de prazos e metas a serem implementados, controle dos custos, c\u00e1lculo e controle de riscos na gest\u00e3o, melhoria dos processos de comunica\u00e7\u00e3o, motiva\u00e7\u00e3o de servidores e membros, institucionaliza\u00e7\u00e3o dos dados e indicadores de resultados.<\/span><\/p>\n<p class=\"western\" style=\"text-align: justify;\" align=\"JUSTIFY\"><span style=\"font-size: 14pt;\">Quatro m\u00f3dulos comp\u00f5em o conte\u00fado program\u00e1tico: Considera\u00e7\u00f5es Gerais sobre Projetos e Programas; Ferramentas e M\u00e9todos para Elabora\u00e7\u00e3o de Projetos e Programas estrat\u00e9gicos no Servi\u00e7o P\u00fablico; Elabora\u00e7\u00e3o do Plano de Projeto; e Gest\u00e3o de Projetos Estrat\u00e9gicos. A carga hor\u00e1ria do curso \u00e9 de 40 horas e as aulas acontecem nas segundas e sextas-feiras, respectivamente, para as turmas A e B, no turno da manh\u00e3.<\/span><\/p>\n<p style=\"text-align: justify;\">\n","protected":false},"excerpt":{"rendered":"<p> [&hellip;]<\/p>\n","protected":false},"author":2,"featured_media":13586,"comment_status":"open","ping_status":"open","sticky":false,"template":"","format":"standard","meta":{"om_disable_all_campaigns":false,"_monsterinsights_skip_tracking":false,"_monsterinsights_sitenote_active":false,"_monsterinsights_sitenote_note":"","_monsterinsights_sitenote_category":0,"_uf_show_specific_survey":0,"_uf_disable_surveys":false,"footnotes":""},"categories":[2],"tags":[],"class_list":["post-13585","post","type-post","status-publish","format-standard","has-post-thumbnail","hentry","category-not_mpal"],"aioseo_notices":[],"_links":{"self":[{"href":"https:\/\/www.mpal.mp.br\/index.php?rest_route=\/wp\/v2\/posts\/13585","targetHints":{"allow":["GET"]}}],"collection":[{"href":"https:\/\/www.mpal.mp.br\/index.php?rest_route=\/wp\/v2\/posts"}],"about":[{"href":"https:\/\/www.mpal.mp.br\/index.php?rest_route=\/wp\/v2\/types\/post"}],"author":[{"embeddable":true,"href":"https:\/\/www.mpal.mp.br\/index.php?rest_route=\/wp\/v2\/users\/2"}],"replies":[{"embeddable":true,"href":"https:\/\/www.mpal.mp.br\/index.php?rest_route=%2Fwp%2Fv2%2Fcomments&post=13585"}],"version-history":[{"count":1,"href":"https:\/\/www.mpal.mp.br\/index.php?rest_route=\/wp\/v2\/posts\/13585\/revisions"}],"predecessor-version":[{"id":13587,"href":"https:\/\/www.mpal.mp.br\/index.php?rest_route=\/wp\/v2\/posts\/13585\/revisions\/13587"}],"wp:featuredmedia":[{"embeddable":true,"href":"https:\/\/www.mpal.mp.br\/index.php?rest_route=\/wp\/v2\/media\/13586"}],"wp:attachment":[{"href":"https:\/\/www.mpal.mp.br\/index.php?rest_route=%2Fwp%2Fv2%2Fmedia&parent=13585"}],"wp:term":[{"taxonomy":"category","embeddable":true,"href":"https:\/\/www.mpal.mp.br\/index.php?rest_route=%2Fwp%2Fv2%2Fcategories&post=13585"},{"taxonomy":"post_tag","embeddable":true,"href":"https:\/\/www.mpal.mp.br\/index.php?rest_route=%2Fwp%2Fv2%2Ftags&post=13585"}],"curies":[{"name":"wp","href":"https:\/\/api.w.org\/{rel}","templated":true}]}}