{"id":13572,"date":"2015-10-28T09:01:12","date_gmt":"2015-10-28T11:01:12","guid":{"rendered":"https:\/\/www.mpal.mp.br\/?p=13572"},"modified":"2022-07-26T09:02:08","modified_gmt":"2022-07-26T12:02:08","slug":"mpe-al-ajuiza-acao-por-ato-de-improbidade-administrativa-contra-ex-presidente-da-camara-de-vereadores-da-barra-de-santo-antonio","status":"publish","type":"post","link":"https:\/\/www.mpal.mp.br\/?p=13572","title":{"rendered":"MPE\/AL aju\u00edza a\u00e7\u00e3o por ato de improbidade administrativa contra ex-presidente da C\u00e2mara de Vereadores da Barra de Santo Ant\u00f4nio"},"content":{"rendered":"<p style=\"text-align: justify;\"><span style=\"font-size: 14pt;\">O Minist\u00e9rio P\u00fablico do Estado de Alagoas (MPE\/AL), por meio da Promotoria de Justi\u00e7a de Paripueira e do N\u00facleo de Defesa do Patrim\u00f4nio P\u00fablico, ajuizou uma a\u00e7\u00e3o civil p\u00fablica de responsabiliza\u00e7\u00e3o por ato de improbidade administrativa em desfavor do ex-vereador da Barra de Santo Ant\u00f4nio, Ant\u00f4nio Marcos Rios dos Santos. Ele \u00e9 acusado de cometer irregularidades quando foi presidente da C\u00e2mara de Vereadores do Munic\u00edpio, no per\u00edodo de 2008 a 2012, mais especificamente no ano de 2011, no epis\u00f3dio conhecido por \u201cfarra dos cheques\u201d.<\/span><\/p>\n<p style=\"text-align: justify;\"><span style=\"font-size: 14pt;\">Segunda a investiga\u00e7\u00e3o do MPE\/AL, o vereador expedia cheques em nome do funcion\u00e1rio da Secretaria Municipal de Sa\u00fade, Manoel Benevuto Aires Neto, e solicitava que ele o sacasse na ag\u00eancia do Banco do Brasil de S\u00e3o Luiz do Quitunde. Entre as ordens de pagamento, destaca-se uma no valor de R$ 2.920,00, que o servidor entregou Marcos Rios ap\u00f3s o saque. O parlamentar retribuiu o intermedi\u00e1rio com uma ajuda de custo para combust\u00edvel.<\/span><\/p>\n<p style=\"text-align: justify;\"><span style=\"font-size: 14pt;\">Em depoimento, Manoel Benevuto comprovou que o pagamento recebido se deu em virtude da loca\u00e7\u00e3o de um ve\u00edculo de sua propriedade pelo parlamentar. \u201cN\u00e3o obstante, as alega\u00e7\u00f5es do demandado, em nenhum momento o mesmo apresentou o procedimento licitat\u00f3rio para loca\u00e7\u00e3o de autom\u00f3vel particular, n\u00e3o cabendo ao presidente da C\u00e2mara realizar tal tipo de contrato a seu livre arb\u00edtrio\u201d, explicam os promotores de Justi\u00e7a Marllisson Andrade, Jos\u00e9 Carlos Castro e Napole\u00e3o Amaral na a\u00e7\u00e3o civil p\u00fablica.<\/span><\/p>\n<p style=\"text-align: justify;\"><span style=\"font-size: 14pt;\">Tamb\u00e9m nesse per\u00edodo surgiu o caso de falsifica\u00e7\u00e3o do cheque pelo presidente da C\u00e2mara de Vereadores. Ele assinou a ordem de pagamento no valor de R$ 2 mil em benef\u00edcio do vice-presidente da Casa, M\u00e1rcio Bonfim, como forma de adiantamento salarial. No entanto, o cheque s\u00f3 valeria com a assinatura do 1\u00ba secret\u00e1rio do \u00f3rg\u00e3o legislativo, Edbornes Leoc\u00e1dio, que estava fora da cidade. Marcos Rios teria, ent\u00e3o, falsificado a assinatura do parlamentar para que houvesse o desconto do montante. A falsifica\u00e7\u00e3o foi confirmada por per\u00edcia grafot\u00e9cnica.<\/span><\/p>\n<p style=\"text-align: justify;\"><span style=\"font-size: 14pt;\">A Delegacia de Pol\u00edcia do 19\u00ba Distrito Policial da Barra de Santo Ant\u00f4nio apurou a \u201cfarra dos cheques\u201d e concluiu pelo indiciamento do parlamentar pelos crimes de falsifica\u00e7\u00e3o de documento, falsidade ideol\u00f3gico e peculato.<\/span><\/p>\n<p style=\"text-align: justify;\"><span style=\"font-size: 14pt;\">\u201cNeste passo, demonstrada a irregularidade praticada em desfavor da C\u00e2mara Municipal de Barra de Santo Ant\u00f4nio, importando em atos de improbidade administrativa, n\u00e3o h\u00e1 outro caminho a n\u00e3o ser aplicar a medida judicial, a fim de restaurar o status quo ante, punir o mau gestor e deixar um ensinamento para as pr\u00f3ximas gest\u00f5es\u201d, defendem os promotores.<\/span><\/p>\n<p style=\"text-align: justify;\"><span style=\"font-size: 14pt;\">O Munic\u00edpio da Barra de Santo Ant\u00f4nio \u00e9 termo da Promotoria de Justi\u00e7a de Paripueira.<\/span><\/p>\n<p style=\"text-align: justify;\"><span style=\"font-size: 14pt;\"><strong>Dos pedidos<\/strong><\/span><\/p>\n<p style=\"text-align: justify;\"><span style=\"font-size: 14pt;\">Pelos atos de improbidade administrativa, o Minist\u00e9rio P\u00fablico Estadual pede ao Ju\u00edzo de Direito da Comarca de Paripueira a decreta\u00e7\u00e3o da indisponibilidade dos bens e renda de Marcos Rios no valor dos preju\u00edzos que provocou ao er\u00e1rio, acrescido de corre\u00e7\u00e3o monet\u00e1ria e juros de 1% ao m\u00eas sobre o montante.<\/span><\/p>\n<p style=\"text-align: justify;\"><span style=\"font-size: 14pt;\">O MPE\/AL tamb\u00e9m solicitou o bloqueio das contas banc\u00e1rias do r\u00e9u para evitar poss\u00edveis movimenta\u00e7\u00e3o financeira, tal como o bloqueio via Restri\u00e7\u00f5es Judiciais Sobre Ve\u00edculos Automotores (RENAJUD), mediante a transfer\u00eancia de ve\u00edculos existentes em nome do parlamentar, caso a primeira medida seja insuficiente.<\/span><\/p>\n<p style=\"text-align: justify;\"><span style=\"font-size: 14pt;\">O Minist\u00e9rio P\u00fablico defende ainda a condena\u00e7\u00e3o do r\u00e9u nas penas previstas pela Lei n\u00ba 8.429\/1992 (Lei de Improbidade Administrativa), de acordo com a gravidade da conduta praticada. A legisla\u00e7\u00e3o prev\u00ea suspens\u00e3o dos direitos pol\u00edticos, perda de qualquer cargo ou fun\u00e7\u00e3o p\u00fablica, proibi\u00e7\u00e3o de ocupar cargos ou fun\u00e7\u00f5es p\u00fablicas pelo mesmo per\u00edodo de suspens\u00e3o dos direitos pol\u00edticos, ressarcimento dos danos materiais causados pela a\u00e7\u00e3o dos r\u00e9us e pagamento de multa civil.<\/span><\/p>\n<p style=\"text-align: justify;\"><span style=\"font-size: 14pt;\">A lei tamb\u00e9m prev\u00ea a proibi\u00e7\u00e3o dos r\u00e9us de contratar com o poder p\u00fablico, bem como prosseguir com os contratos por ventura em curso, receber benef\u00edcios fiscais e credit\u00edcios, direta ou indiretamente, ainda que por intermedi\u00e1rio de pessoa jur\u00eddica da qual seja s\u00f3cio majorit\u00e1rio.<\/span><\/p>\n","protected":false},"excerpt":{"rendered":"<p> [&hellip;]<\/p>\n","protected":false},"author":5,"featured_media":2857,"comment_status":"open","ping_status":"open","sticky":false,"template":"","format":"standard","meta":{"om_disable_all_campaigns":false,"_monsterinsights_skip_tracking":false,"_monsterinsights_sitenote_active":false,"_monsterinsights_sitenote_note":"","_monsterinsights_sitenote_category":0,"_uf_show_specific_survey":0,"_uf_disable_surveys":false,"footnotes":""},"categories":[2],"tags":[],"class_list":["post-13572","post","type-post","status-publish","format-standard","has-post-thumbnail","hentry","category-not_mpal"],"aioseo_notices":[],"_links":{"self":[{"href":"https:\/\/www.mpal.mp.br\/index.php?rest_route=\/wp\/v2\/posts\/13572","targetHints":{"allow":["GET"]}}],"collection":[{"href":"https:\/\/www.mpal.mp.br\/index.php?rest_route=\/wp\/v2\/posts"}],"about":[{"href":"https:\/\/www.mpal.mp.br\/index.php?rest_route=\/wp\/v2\/types\/post"}],"author":[{"embeddable":true,"href":"https:\/\/www.mpal.mp.br\/index.php?rest_route=\/wp\/v2\/users\/5"}],"replies":[{"embeddable":true,"href":"https:\/\/www.mpal.mp.br\/index.php?rest_route=%2Fwp%2Fv2%2Fcomments&post=13572"}],"version-history":[{"count":1,"href":"https:\/\/www.mpal.mp.br\/index.php?rest_route=\/wp\/v2\/posts\/13572\/revisions"}],"predecessor-version":[{"id":13573,"href":"https:\/\/www.mpal.mp.br\/index.php?rest_route=\/wp\/v2\/posts\/13572\/revisions\/13573"}],"wp:featuredmedia":[{"embeddable":true,"href":"https:\/\/www.mpal.mp.br\/index.php?rest_route=\/wp\/v2\/media\/2857"}],"wp:attachment":[{"href":"https:\/\/www.mpal.mp.br\/index.php?rest_route=%2Fwp%2Fv2%2Fmedia&parent=13572"}],"wp:term":[{"taxonomy":"category","embeddable":true,"href":"https:\/\/www.mpal.mp.br\/index.php?rest_route=%2Fwp%2Fv2%2Fcategories&post=13572"},{"taxonomy":"post_tag","embeddable":true,"href":"https:\/\/www.mpal.mp.br\/index.php?rest_route=%2Fwp%2Fv2%2Ftags&post=13572"}],"curies":[{"name":"wp","href":"https:\/\/api.w.org\/{rel}","templated":true}]}}