{"id":13568,"date":"2015-11-03T08:59:27","date_gmt":"2015-11-03T10:59:27","guid":{"rendered":"https:\/\/www.mpal.mp.br\/?p=13568"},"modified":"2022-07-26T09:00:27","modified_gmt":"2022-07-26T12:00:27","slug":"desembargadores-julgam-procedente-agravo-regimental-do-mpe-al-assembleia-tera-de-repassar-recursos-do-imposto-de-renda-ao-tesouro-estadual","status":"publish","type":"post","link":"https:\/\/www.mpal.mp.br\/?p=13568","title":{"rendered":"Desembargadores julgam procedente agravo regimental do MPE\/AL; Assembleia ter\u00e1 de repassar recursos do Imposto de Renda ao Tesouro Estadual"},"content":{"rendered":"<p style=\"text-align: justify;\"><span style=\"font-size: 14pt;\">O procurador-geral de Justi\u00e7a, S\u00e9rgio Juc\u00e1, representou, nesta ter\u00e7a-feira (03), o Minist\u00e9rio P\u00fablico do Estado de Alagoas (MPE\/AL) na sess\u00e3o plen\u00e1ria do Tribunal de Justi\u00e7a de Alagoas que julgaria dois agravos regimentais interpostos pela institui\u00e7\u00e3o ministerial.<\/span><\/p>\n<p style=\"text-align: justify;\"><span style=\"font-size: 14pt;\">O primeiro deles tratou da nomea\u00e7\u00e3o do ex-deputado estadual Fernando Toledo ao Tribunal de Contas do Estado. J\u00e1 o segundo abordou a obriga\u00e7\u00e3o da Assembleia Legislativa do Estado repassar ao governo estadual os descontos do imposto de renda que realizou junto aos parlamentares e servidores da Casa de Tavares Bastos.<\/span><\/p>\n<p style=\"text-align: justify;\"><span style=\"font-size: 14pt;\">Ap\u00f3s pedido de vistas do desembargador Sebasti\u00e3o Costa Filho, o julgamento do agravo regimental referente \u00e0 nomea\u00e7\u00e3o e posse do ex-deputado estadual ao cargo de conselheiro do TCE foi suspenso. A vota\u00e7\u00e3o estava empatada em tr\u00eas votos favor\u00e1veis (F\u00e1bio Bittencourt, Domingos Neto e Pedro Augusto Mendon\u00e7a) ao recurso e tr\u00eas contr\u00e1rios (Washington Lu\u00eds Damasceno, Paulo Lima e Tutm\u00e9s Airan). &#8220;A decis\u00e3o ainda n\u00e3o foi selada, mas chegou ao empate. Se o Tribunal acolher o agravo, o conselheiro ser\u00e1 imediatamente afastado do cargo&#8221;, explicou S\u00e9rgio Juc\u00e1.<\/span><\/p>\n<p style=\"text-align: justify;\"><span style=\"font-size: 14pt;\">No julgamento seguinte, por nove votos a um, os desembargadores presentes decidiram pela proced\u00eancia do agravo regimental do Minist\u00e9rio P\u00fablico Estadual contra a suspens\u00e3o de liminar que desobrigava a Assembleia Legislativa do Estado a repassar os recursos provenientes do desconto de imposto de renda de servidores e parlamentares ao governo do Estado. Apenas o desembargador\u00a0Washington Lu\u00eds, relator do processo, votou a favor do pr\u00f3prio parecer.<\/span><\/p>\n<p style=\"text-align: justify;\"><span style=\"font-size: 14pt;\">Dessa forma, passa a valer a decis\u00e3o de m\u00e9rito da 17\u00aa Vara C\u00edvel da Capital (Fazenda P\u00fablica), cuja senten\u00e7a foi proferida pelo juiz Alberto Jorge. Ele determinou a devolu\u00e7\u00e3o do imposto de renda retido dos servidores que deixou de ser repassado ao Governo do Estado. Segundo o Minist\u00e9rio P\u00fablico Estadual, o montante ultrapassa R$ 77 milh\u00f5es, apenas no per\u00edodo de 2010 a 2014.<\/span><\/p>\n<p style=\"text-align: justify;\"><span style=\"font-size: 14pt;\">&#8220;Quem conquistou esse resultado favor\u00e1vel n\u00e3o foi o Minist\u00e9rio P\u00fablico, mas sim a sociedade, especialmente o Tesouro do Estado. Ao longo de anos, a Assembleia Legislativa do Estado se apropriou de recursos que n\u00e3o lhe pertencem, prejudicando os servi\u00e7os p\u00fablicos, como a sa\u00fade e a educa\u00e7\u00e3o&#8221;, disse o procurador-geral de Justi\u00e7a, S\u00e9rgio Juc\u00e1.<\/span><\/p>\n<p style=\"text-align: justify;\"><span style=\"font-size: 14pt;\"><strong>Dudu Hollanda<\/strong><\/span><\/p>\n<p style=\"text-align: justify;\"><span style=\"font-size: 14pt;\">Na sess\u00e3o plen\u00e1ria de hoje, o desembargador Sebasit\u00e3o Costa Filho tamb\u00e9m apresentou o voto de relator sobre o decreto legislativo que impedia a continudaidade do julgamento do deputado estadual Dudu Hollanda. Por unanimidade, os desembargadores consideraram inconstitucional o procedimento que protegia o parlamentar da a\u00e7\u00e3o penal movida pelo Minist\u00e9rio P\u00fablico do Estado de Alagoas.<\/span><\/p>\n<p style=\"text-align: justify;\"><span style=\"font-size: 14pt;\">O procurador-geral de Justi\u00e7a, S\u00e9rgio Juc\u00e1, pediu celeridade na retomada do julgamento de Dudu Hollanda, ap\u00f3s o desembargador Washington Lu\u00eds Damasceno pedir vistas ao processo original. O MPE\/AL acusa o deputado estadual de les\u00e3o corporal por agredir e arrancar um peda\u00e7o da orelha do ex-vereador de Macei\u00f3 Paulo Corintho durante uma briga em 2009.<\/span><\/p>\n","protected":false},"excerpt":{"rendered":"<p> [&hellip;]<\/p>\n","protected":false},"author":5,"featured_media":13569,"comment_status":"open","ping_status":"open","sticky":false,"template":"","format":"standard","meta":{"om_disable_all_campaigns":false,"_monsterinsights_skip_tracking":false,"_monsterinsights_sitenote_active":false,"_monsterinsights_sitenote_note":"","_monsterinsights_sitenote_category":0,"_uf_show_specific_survey":0,"_uf_disable_surveys":false,"footnotes":""},"categories":[2],"tags":[],"class_list":["post-13568","post","type-post","status-publish","format-standard","has-post-thumbnail","hentry","category-not_mpal"],"aioseo_notices":[],"_links":{"self":[{"href":"https:\/\/www.mpal.mp.br\/index.php?rest_route=\/wp\/v2\/posts\/13568","targetHints":{"allow":["GET"]}}],"collection":[{"href":"https:\/\/www.mpal.mp.br\/index.php?rest_route=\/wp\/v2\/posts"}],"about":[{"href":"https:\/\/www.mpal.mp.br\/index.php?rest_route=\/wp\/v2\/types\/post"}],"author":[{"embeddable":true,"href":"https:\/\/www.mpal.mp.br\/index.php?rest_route=\/wp\/v2\/users\/5"}],"replies":[{"embeddable":true,"href":"https:\/\/www.mpal.mp.br\/index.php?rest_route=%2Fwp%2Fv2%2Fcomments&post=13568"}],"version-history":[{"count":1,"href":"https:\/\/www.mpal.mp.br\/index.php?rest_route=\/wp\/v2\/posts\/13568\/revisions"}],"predecessor-version":[{"id":13570,"href":"https:\/\/www.mpal.mp.br\/index.php?rest_route=\/wp\/v2\/posts\/13568\/revisions\/13570"}],"wp:featuredmedia":[{"embeddable":true,"href":"https:\/\/www.mpal.mp.br\/index.php?rest_route=\/wp\/v2\/media\/13569"}],"wp:attachment":[{"href":"https:\/\/www.mpal.mp.br\/index.php?rest_route=%2Fwp%2Fv2%2Fmedia&parent=13568"}],"wp:term":[{"taxonomy":"category","embeddable":true,"href":"https:\/\/www.mpal.mp.br\/index.php?rest_route=%2Fwp%2Fv2%2Fcategories&post=13568"},{"taxonomy":"post_tag","embeddable":true,"href":"https:\/\/www.mpal.mp.br\/index.php?rest_route=%2Fwp%2Fv2%2Ftags&post=13568"}],"curies":[{"name":"wp","href":"https:\/\/api.w.org\/{rel}","templated":true}]}}