{"id":13559,"date":"2015-11-19T08:56:13","date_gmt":"2015-11-19T10:56:13","guid":{"rendered":"https:\/\/www.mpal.mp.br\/?p=13559"},"modified":"2022-07-26T08:57:07","modified_gmt":"2022-07-26T11:57:07","slug":"mpe-al-investiga-nova-doacao-irregular-de-imovel-pela-prefeitura-de-arapiraca","status":"publish","type":"post","link":"https:\/\/www.mpal.mp.br\/?p=13559","title":{"rendered":"MPE\/AL investiga nova doa\u00e7\u00e3o irregular de im\u00f3vel pela Prefeitura de Arapiraca"},"content":{"rendered":"<p style=\"text-align: justify;\"><span style=\"font-size: 14pt;\">O Minist\u00e9rio P\u00fablico do Estado de Alagoas (MPE\/AL), por meio da 4\u00aa Promotoria de Justi\u00e7a da Comarca de Arapiraca e do N\u00facleo de Defesa do Patrim\u00f4nio P\u00fablico, investiga um novo caso de doa\u00e7\u00e3o irregular de bem p\u00fablico pela Prefeitura da cidade em destaque. Nesta ter\u00e7a-feira (17), a institui\u00e7\u00e3o deu in\u00edcio a um inqu\u00e9rito civil p\u00fablico a fim de apurar a cess\u00e3o de um im\u00f3vel do Munic\u00edpio para a empresa R\u00e1pido Infoshop Ltda, a partir da Lei Municipal n\u00ba 2.819\/2012, no dia 29 de maio daquele ano.<\/span><\/p>\n<p style=\"text-align: justify;\"><span style=\"font-size: 14pt;\">Para instaurar o procedimento, o promotor de Justi\u00e7a Napole\u00e3o Franco Amaral considerou que o caso se trata de doa\u00e7\u00e3o condicional. No entanto, segundo o promotor, n\u00e3o h\u00e1 indicativo de que a empresa beneficiada cumpriu com com as exig\u00eancias previstas na legisla\u00e7\u00e3o. Para o representante do MPE\/AL, o n\u00e3o cumprimento dos encargos assumidos pela empresa donat\u00e1ria obriga automaticamente a revers\u00e3o do bem p\u00fablico ao munic\u00edpio doador.<\/span><\/p>\n<p style=\"text-align: justify;\"><span style=\"font-size: 14pt;\">\u201cO Munic\u00edpio de Arapiraca foi omisso na fiscaliza\u00e7\u00e3o quanto ao cumprimento das exig\u00eancias contidas na Lei Municipal n\u00ba 2.819\/2012, permitindo que o bem p\u00fablico fosse indevidamente incorporado ao patrim\u00f4nio particular. A an\u00e1lise do Registro de Matr\u00edcula 53.625, do 1\u00ba Of\u00edcio de Arapiraca aponta a ocorr\u00eancia de grave les\u00e3o ao patrim\u00f4nio p\u00fablico. Isso porque o instrumento de doa\u00e7\u00e3o do im\u00f3vel pode ter violado a Lei Org\u00e2nica do Munic\u00edpio de Arapiraca, na Lei 8.666\/93, assim como a Municipal 2.819\/20012\u201d, afirma o promotor.<\/span><\/p>\n<p style=\"text-align: justify;\"><span style=\"font-size: 14pt;\">No procedimento, o MPE\/AL vai coletar informa\u00e7\u00f5es responsabilidades deles decorrentes, promovendo a colheita de informa\u00e7\u00f5es, depoimentos, certid\u00f5es, per\u00edcias e demais diligencias necess\u00e1rias nos termos da lei, a fim de colaborar com a investiga\u00e7\u00e3o.<\/span><\/p>\n<p style=\"text-align: justify;\"><span style=\"font-size: 14pt;\"><strong>Doa\u00e7\u00e3o ilegal<\/strong><\/span><\/p>\n<p style=\"text-align: justify;\"><span style=\"font-size: 14pt;\">Em a\u00e7\u00e3o civil p\u00fablica, o Minist\u00e9rio P\u00fablico do Estado de Alagoas (MPE\/AL) pediu, no in\u00edcio de novembro, a nulidade dos efeitos da Lei Municipal n\u00ba 2.534\/2007, que permitiu a doa\u00e7\u00e3o de um terreno pelo Munic\u00edpio \u00e0 Empresa Delta Pr\u00e9-Moldados, LTDA. Mesmo sem utiliz\u00e1-lo para fins produtivos, suposto objetivo da cess\u00e3o, os beneficiados desmembraram o bem doado e venderam parte dele para a Empresa Homem Empreendimentos e Participa\u00e7\u00e3o Ltda por R$ 8 milh\u00f5es.<\/span><\/p>\n<p style=\"text-align: justify;\"><span style=\"font-size: 14pt;\">Como o resto do im\u00f3vel pode ser alvo de venda a qualquer momento, o MPE\/AL requereu do Ju\u00edzo da 4\u00aa Vara da Fazenda P\u00fablica da Comarca de Arapiraca liminar que determine a indisponibilidade do bem desmembrado de matr\u00edcula n\u00ba 92.524, Ficha 01,\u00a01\u00ba Of\u00edcio de Arapiraca, relacionado na doa\u00e7\u00e3o autorizada pela legisla\u00e7\u00e3o em destaque.<\/span><\/p>\n<p style=\"text-align: justify;\"><span style=\"font-size: 14pt;\">A medida cautelar tamb\u00e9m deve determinar que a empresa adquirente deposite o pagamento das pr\u00f3ximas presta\u00e7\u00f5es referentes \u00e0 compra do im\u00f3vel em conta do Judici\u00e1rio, ficando os respectivos valores assegurados at\u00e9 o desfecho da demanda.<\/span><\/p>\n","protected":false},"excerpt":{"rendered":"<p> [&hellip;]<\/p>\n","protected":false},"author":5,"featured_media":13561,"comment_status":"open","ping_status":"open","sticky":false,"template":"","format":"standard","meta":{"om_disable_all_campaigns":false,"_monsterinsights_skip_tracking":false,"_monsterinsights_sitenote_active":false,"_monsterinsights_sitenote_note":"","_monsterinsights_sitenote_category":0,"_uf_show_specific_survey":0,"_uf_disable_surveys":false,"footnotes":""},"categories":[2],"tags":[],"class_list":["post-13559","post","type-post","status-publish","format-standard","has-post-thumbnail","hentry","category-not_mpal"],"aioseo_notices":[],"_links":{"self":[{"href":"https:\/\/www.mpal.mp.br\/index.php?rest_route=\/wp\/v2\/posts\/13559","targetHints":{"allow":["GET"]}}],"collection":[{"href":"https:\/\/www.mpal.mp.br\/index.php?rest_route=\/wp\/v2\/posts"}],"about":[{"href":"https:\/\/www.mpal.mp.br\/index.php?rest_route=\/wp\/v2\/types\/post"}],"author":[{"embeddable":true,"href":"https:\/\/www.mpal.mp.br\/index.php?rest_route=\/wp\/v2\/users\/5"}],"replies":[{"embeddable":true,"href":"https:\/\/www.mpal.mp.br\/index.php?rest_route=%2Fwp%2Fv2%2Fcomments&post=13559"}],"version-history":[{"count":1,"href":"https:\/\/www.mpal.mp.br\/index.php?rest_route=\/wp\/v2\/posts\/13559\/revisions"}],"predecessor-version":[{"id":13562,"href":"https:\/\/www.mpal.mp.br\/index.php?rest_route=\/wp\/v2\/posts\/13559\/revisions\/13562"}],"wp:featuredmedia":[{"embeddable":true,"href":"https:\/\/www.mpal.mp.br\/index.php?rest_route=\/wp\/v2\/media\/13561"}],"wp:attachment":[{"href":"https:\/\/www.mpal.mp.br\/index.php?rest_route=%2Fwp%2Fv2%2Fmedia&parent=13559"}],"wp:term":[{"taxonomy":"category","embeddable":true,"href":"https:\/\/www.mpal.mp.br\/index.php?rest_route=%2Fwp%2Fv2%2Fcategories&post=13559"},{"taxonomy":"post_tag","embeddable":true,"href":"https:\/\/www.mpal.mp.br\/index.php?rest_route=%2Fwp%2Fv2%2Ftags&post=13559"}],"curies":[{"name":"wp","href":"https:\/\/api.w.org\/{rel}","templated":true}]}}