{"id":13557,"date":"2015-09-21T08:50:42","date_gmt":"2015-09-21T11:50:42","guid":{"rendered":"https:\/\/www.mpal.mp.br\/?p=13557"},"modified":"2022-07-26T10:00:35","modified_gmt":"2022-07-26T13:00:35","slug":"esmp-e-ampal-promovem-1o-ciclo-de-palestras-de-direito-penal-e-processo-penal","status":"publish","type":"post","link":"https:\/\/www.mpal.mp.br\/?p=13557","title":{"rendered":"ESMP e Ampal promovem 1\u00ba Ciclo de Palestras de Direito Penal e Processo Penal"},"content":{"rendered":"<p style=\"text-align: justify;\"><span style=\"font-size: 14pt;\">A Escola Superior do Minist\u00e9rio P\u00fablico (ESMP), em parceria com a Associa\u00e7\u00e3o do Minist\u00e9rio P\u00fablico do Estado de Alagoas (Ampal) iniciar\u00e1, na pr\u00f3xima ter\u00e7a-feira (29), o 1\u00ba Ciclo de Palestras de Direito Penal e Processo Penal. O promotor de Justi\u00e7a aposentado Alfredo Oliveira ministrar\u00e1 o espa\u00e7o de forma\u00e7\u00e3o, que ocorrer\u00e1 no audit\u00f3rio da Procuradoria Geral de Justi\u00e7a, sempre das 19h \u00e0s 21h.<\/span><\/p>\n<p style=\"text-align: justify;\"><span style=\"font-size: 14pt;\">A primeira palestra ter\u00e1 como tema \u201cMedidas Cautelares\u201d. Na sequ\u00eancia, no dia 06 de outubro, Alfredo Oliveira discorrer\u00e1 sobre \u201cConcurso de pessoas e teoria do dom\u00ednio do fato\u201d. O ciclo chega ao fim no dia 13 de outubro com a palestra \u201cNulidades processuais penais\u201d.<\/span><\/p>\n<p style=\"text-align: justify;\"><span style=\"font-size: 14pt;\">Para outras informa\u00e7\u00f5es os interessados devem procurar a ESMP, por meio do telefone (82) 2122-3702. As inscri\u00e7\u00f5es podem ser realizadas pelo e-mail\u00a0<a href=\"mailto:esmp@mpal.mp.br\">esmp@mpal.mp.br<\/a>, por\u00e9m \u00e9 necess\u00e1rio o envio dos seguintes dados: nome completo, n\u00famero do CPF e RG, email, telefone para contato, profiss\u00e3o, institui\u00e7\u00e3o que estuda e\/ou trabalha. Haver\u00e1 entrega de certificados para os participantes.<\/span><\/p>\n<p style=\"text-align: justify;\"><span style=\"font-size: 14pt;\"><strong>O palestrante<\/strong><\/span><\/p>\n<p style=\"text-align: justify;\"><span style=\"font-size: 14pt;\">O promotor de Justi\u00e7a aposentado Alfredo Oliveira \u00e9 professor de Direito Penal e Processual Penal do Cesmac. Ele tamb\u00e9m \u00e9 ex-professor da Escola Superior da Magistratura do Estado de Alagoas, da da Universidade Federal de Alagoas (Ufal) e da Universidade Integrada Tiradentes (Unit).<\/span><\/p>\n","protected":false},"excerpt":{"rendered":"<p> [&hellip;]<\/p>\n","protected":false},"author":4,"featured_media":13471,"comment_status":"open","ping_status":"open","sticky":false,"template":"","format":"standard","meta":{"om_disable_all_campaigns":false,"_monsterinsights_skip_tracking":false,"_monsterinsights_sitenote_active":false,"_monsterinsights_sitenote_note":"","_monsterinsights_sitenote_category":0,"_uf_show_specific_survey":0,"_uf_disable_surveys":false,"footnotes":""},"categories":[19,2],"tags":[],"class_list":["post-13557","post","type-post","status-publish","format-standard","has-post-thumbnail","hentry","category-not_esmp","category-not_mpal"],"aioseo_notices":[],"_links":{"self":[{"href":"https:\/\/www.mpal.mp.br\/index.php?rest_route=\/wp\/v2\/posts\/13557","targetHints":{"allow":["GET"]}}],"collection":[{"href":"https:\/\/www.mpal.mp.br\/index.php?rest_route=\/wp\/v2\/posts"}],"about":[{"href":"https:\/\/www.mpal.mp.br\/index.php?rest_route=\/wp\/v2\/types\/post"}],"author":[{"embeddable":true,"href":"https:\/\/www.mpal.mp.br\/index.php?rest_route=\/wp\/v2\/users\/4"}],"replies":[{"embeddable":true,"href":"https:\/\/www.mpal.mp.br\/index.php?rest_route=%2Fwp%2Fv2%2Fcomments&post=13557"}],"version-history":[{"count":1,"href":"https:\/\/www.mpal.mp.br\/index.php?rest_route=\/wp\/v2\/posts\/13557\/revisions"}],"predecessor-version":[{"id":13627,"href":"https:\/\/www.mpal.mp.br\/index.php?rest_route=\/wp\/v2\/posts\/13557\/revisions\/13627"}],"wp:featuredmedia":[{"embeddable":true,"href":"https:\/\/www.mpal.mp.br\/index.php?rest_route=\/wp\/v2\/media\/13471"}],"wp:attachment":[{"href":"https:\/\/www.mpal.mp.br\/index.php?rest_route=%2Fwp%2Fv2%2Fmedia&parent=13557"}],"wp:term":[{"taxonomy":"category","embeddable":true,"href":"https:\/\/www.mpal.mp.br\/index.php?rest_route=%2Fwp%2Fv2%2Fcategories&post=13557"},{"taxonomy":"post_tag","embeddable":true,"href":"https:\/\/www.mpal.mp.br\/index.php?rest_route=%2Fwp%2Fv2%2Ftags&post=13557"}],"curies":[{"name":"wp","href":"https:\/\/api.w.org\/{rel}","templated":true}]}}