{"id":13551,"date":"2012-06-01T08:42:45","date_gmt":"2012-06-01T11:42:45","guid":{"rendered":"https:\/\/www.mpal.mp.br\/?p=13551"},"modified":"2022-07-26T08:47:41","modified_gmt":"2022-07-26T11:47:41","slug":"atuacao-do-mp-em-discussao-no-tocantins","status":"publish","type":"post","link":"https:\/\/www.mpal.mp.br\/?p=13551","title":{"rendered":"Atua\u00e7\u00e3o do MP em discuss\u00e3o no Tocantins"},"content":{"rendered":"<p style=\"text-align: justify;\"><span style=\"font-size: 14pt;\">\u201cA presen\u00e7a expressiva de ilustres membros do Conselho neste encontro \u00e9 um sinal de reconhecimento do trabalho realizado pelo Minist\u00e9rio P\u00fablico do Tocantins em prol do MP Brasileiro\u201d, disse o Procurador-Geral de Justi\u00e7a do Tocantins, Clenan Renaut de Melo Pereira, durante a abertura da reuni\u00e3o ordin\u00e1ria do Conselho Nacional de Procuradores-Gerais do Minist\u00e9rio P\u00fablico dos Estados e da Uni\u00e3o (CNPG), que acontece em Palmas.<\/span><\/p>\n<p style=\"text-align: justify;\"><span style=\"font-size: 14pt;\">Na ocasi\u00e3o, o presidente do CNPG, Procurador-Geral de Justi\u00e7a do RJ, Claudio Lopes, deu boas-vindas aos membros do Conselho e agradeceu a hospitalidade do PGJ do Tocantins. \u201cEstamos felizes de sediar a reuni\u00e3o neste Estado, principalmente pela simplicidade do doutor Clenan, um dos colegas de maior simpatia entre n\u00f3s\u201d, expressou o Presidente.<\/span><\/p>\n<p style=\"text-align: justify;\"><span style=\"font-size: 14pt;\">Al\u00e9m dos Procuradores-Gerais de Justi\u00e7a de v\u00e1rios Estados brasileiros, participaram do encontro seis integrantes do Conselho Nacional do Minist\u00e9rio P\u00fablico (CNMP) e representantes do Associa\u00e7\u00e3o Nacional dos Membros do Minist\u00e9rio P\u00fablico (CONAMP). Em sua fala, o presidente do CONAMP, C\u00e9sar Bechara Nader Mattar J\u00fanior, situou sobre acompanhamento das propostas legislativas de interesse do MP, com destaque para a PEC 37, momento em que o presidente Cl\u00e1udio Lopes pediu aos Procuradores-Gerais que fa\u00e7am um trabalho de sensibiliza\u00e7\u00e3o em seus Estados, por meio das assessorias de comunica\u00e7\u00e3o. \u201cA PEC da \u201cimpunidade\u201d tem que ser exposta \u00e0 sociedade. Para tanto, precisamos utilizar a m\u00eddia para pressionar. Voc\u00eas tamb\u00e9m devem fazer um trabalho junto aos deputados representantes do Estado na C\u00e2mara Federal\u201d, destacou Cl\u00e1udio Lopes.<\/span><\/p>\n<p style=\"text-align: justify;\"><span style=\"font-size: 14pt;\">Os conselheiros do CNMP fizeram considera\u00e7\u00f5es sobre alguns temas, como a Lei de Acesso \u00e0 Informa\u00e7\u00e3o e a realiza\u00e7\u00e3o da pr\u00f3xima reuni\u00e3o do CNPG, em agosto deste ano, no Senado Federal, sendo esta uma forma de aproxima\u00e7\u00e3o com a classe pol\u00edtica.<\/span><\/p>\n<p style=\"text-align: justify;\"><span style=\"font-size: 14pt;\">Na pauta de reuni\u00e3o desta quinta-feira, foram discutidos assuntos relativos ao Plano Nacional de Comunica\u00e7\u00e3o, bem como a realiza\u00e7\u00e3o do I Congresso Internacional do CNPG, a Elei\u00e7\u00e3o da Nova Vice-Presid\u00eancia do CNPG para o Minist\u00e9rio P\u00fablico da Uni\u00e3o, a designa\u00e7\u00e3o de representantes do CNPG para integrar o Comit\u00ea Nacional de Preven\u00e7\u00e3o e Combate \u00e0 Tortura no Brasil. A reuni\u00e3o prossegue nesta sexta-feira, 1\u00ba.<\/span><\/p>\n","protected":false},"excerpt":{"rendered":"<p> [&hellip;]<\/p>\n","protected":false},"author":2,"featured_media":13552,"comment_status":"open","ping_status":"open","sticky":false,"template":"","format":"standard","meta":{"om_disable_all_campaigns":false,"_monsterinsights_skip_tracking":false,"_monsterinsights_sitenote_active":false,"_monsterinsights_sitenote_note":"","_monsterinsights_sitenote_category":0,"_uf_show_specific_survey":0,"_uf_disable_surveys":false,"footnotes":""},"categories":[2],"tags":[],"class_list":["post-13551","post","type-post","status-publish","format-standard","has-post-thumbnail","hentry","category-not_mpal"],"aioseo_notices":[],"_links":{"self":[{"href":"https:\/\/www.mpal.mp.br\/index.php?rest_route=\/wp\/v2\/posts\/13551","targetHints":{"allow":["GET"]}}],"collection":[{"href":"https:\/\/www.mpal.mp.br\/index.php?rest_route=\/wp\/v2\/posts"}],"about":[{"href":"https:\/\/www.mpal.mp.br\/index.php?rest_route=\/wp\/v2\/types\/post"}],"author":[{"embeddable":true,"href":"https:\/\/www.mpal.mp.br\/index.php?rest_route=\/wp\/v2\/users\/2"}],"replies":[{"embeddable":true,"href":"https:\/\/www.mpal.mp.br\/index.php?rest_route=%2Fwp%2Fv2%2Fcomments&post=13551"}],"version-history":[{"count":1,"href":"https:\/\/www.mpal.mp.br\/index.php?rest_route=\/wp\/v2\/posts\/13551\/revisions"}],"predecessor-version":[{"id":13553,"href":"https:\/\/www.mpal.mp.br\/index.php?rest_route=\/wp\/v2\/posts\/13551\/revisions\/13553"}],"wp:featuredmedia":[{"embeddable":true,"href":"https:\/\/www.mpal.mp.br\/index.php?rest_route=\/wp\/v2\/media\/13552"}],"wp:attachment":[{"href":"https:\/\/www.mpal.mp.br\/index.php?rest_route=%2Fwp%2Fv2%2Fmedia&parent=13551"}],"wp:term":[{"taxonomy":"category","embeddable":true,"href":"https:\/\/www.mpal.mp.br\/index.php?rest_route=%2Fwp%2Fv2%2Fcategories&post=13551"},{"taxonomy":"post_tag","embeddable":true,"href":"https:\/\/www.mpal.mp.br\/index.php?rest_route=%2Fwp%2Fv2%2Ftags&post=13551"}],"curies":[{"name":"wp","href":"https:\/\/api.w.org\/{rel}","templated":true}]}}