{"id":13529,"date":"2012-05-30T12:17:41","date_gmt":"2012-05-30T15:17:41","guid":{"rendered":"https:\/\/www.mpal.mp.br\/?p=13529"},"modified":"2022-07-26T08:27:07","modified_gmt":"2022-07-26T11:27:07","slug":"mp-alagoano-reage-a-declaracoes-de-prefeito-de-maceio","status":"publish","type":"post","link":"https:\/\/www.mpal.mp.br\/?p=13529","title":{"rendered":"MP alagoano reage a declara\u00e7\u00f5es de prefeito de Macei\u00f3"},"content":{"rendered":"<p style=\"text-align: justify;\"><span style=\"font-size: 14pt;\">Os promotores de Justi\u00e7a Fernanda Moreira, Hamilton Carneiro e Marcus R\u00f4mulo Maia, da Promotoria Coletiva da Fazenda P\u00fablica Municipal, classificaram de \u201cirrespons\u00e1veis\u201d as declara\u00e7\u00f5es do prefeito de Macei\u00f3 \u00e0 imprensa alagoana de que a Justi\u00e7a teria determinado a suspens\u00e3o da merenda das escolas p\u00fablicas municipais, a pedido do Minist\u00e9rio P\u00fablico Estadual.<\/span><\/p>\n<p style=\"text-align: justify;\"><span style=\"font-size: 14pt;\">De acordo com os representantes do MP, a vers\u00e3o apresentada pelo prefeito \u00e9 distorcida, j\u00e1 que a liminar determinou apenas a suspens\u00e3o de contrato irregular firmado entre o munic\u00edpio e a empresa SP Alimenta\u00e7\u00e3o Ltda, para terceiriza\u00e7\u00e3o da merenda.<\/span><\/p>\n<p style=\"text-align: justify;\"><span style=\"font-size: 14pt;\">\u201cAo ser notificada da decis\u00e3o, a Prefeitura teria que garantir a continuidade da merenda e n\u00e3o tentar iludir a sociedade colocando a culpa no Minist\u00e9rio P\u00fablico e na Justi\u00e7a. H\u00e1 recursos do Programa Nacional de Alimenta\u00e7\u00e3o Escolar repassados mensalmente, al\u00e9m de verbas n\u00e3o utilizadas em 2005 e reprogramadas para 2006, al\u00e9m de recursos pr\u00f3prios do munic\u00edpio. O que est\u00e1 faltando \u00e9 priorizar o interesse p\u00fablico\u201d, reagiram os promotores de Justi\u00e7a.<\/span><\/p>\n<p style=\"text-align: justify;\"><span style=\"font-size: 14pt;\">Para os promotores de Justi\u00e7a, ao tentar distorcer os fatos em quest\u00e3o, o prefeito de Macei\u00f3 busca \u201csensibilizar\u201d o Tribunal de Justi\u00e7a de Alagoas, atrav\u00e9s da press\u00e3o da opini\u00e3o p\u00fablica.Eles acreditam que a Justi\u00e7a alagoana n\u00e3o vai ceder a esse tipo de press\u00e3o.<\/span><\/p>\n<p style=\"text-align: justify;\"><span style=\"font-size: 14pt;\">\u201cCaso a distribui\u00e7\u00e3o da merenda n\u00e3o seja regularizada nesta quarta-feira, vamos entrar com uma medida judicial contra o munic\u00edpio e n\u00e3o descartamos uma investiga\u00e7\u00e3o por improbidade administrativa\u201d, garantem os promotores de Justi\u00e7a.<\/span><\/p>\n","protected":false},"excerpt":{"rendered":"<p> [&hellip;]<\/p>\n","protected":false},"author":2,"featured_media":13530,"comment_status":"open","ping_status":"open","sticky":false,"template":"","format":"standard","meta":{"om_disable_all_campaigns":false,"_monsterinsights_skip_tracking":false,"_monsterinsights_sitenote_active":false,"_monsterinsights_sitenote_note":"","_monsterinsights_sitenote_category":0,"_uf_show_specific_survey":0,"_uf_disable_surveys":false,"footnotes":""},"categories":[2],"tags":[],"class_list":["post-13529","post","type-post","status-publish","format-standard","has-post-thumbnail","hentry","category-not_mpal"],"aioseo_notices":[],"_links":{"self":[{"href":"https:\/\/www.mpal.mp.br\/index.php?rest_route=\/wp\/v2\/posts\/13529","targetHints":{"allow":["GET"]}}],"collection":[{"href":"https:\/\/www.mpal.mp.br\/index.php?rest_route=\/wp\/v2\/posts"}],"about":[{"href":"https:\/\/www.mpal.mp.br\/index.php?rest_route=\/wp\/v2\/types\/post"}],"author":[{"embeddable":true,"href":"https:\/\/www.mpal.mp.br\/index.php?rest_route=\/wp\/v2\/users\/2"}],"replies":[{"embeddable":true,"href":"https:\/\/www.mpal.mp.br\/index.php?rest_route=%2Fwp%2Fv2%2Fcomments&post=13529"}],"version-history":[{"count":1,"href":"https:\/\/www.mpal.mp.br\/index.php?rest_route=\/wp\/v2\/posts\/13529\/revisions"}],"predecessor-version":[{"id":13531,"href":"https:\/\/www.mpal.mp.br\/index.php?rest_route=\/wp\/v2\/posts\/13529\/revisions\/13531"}],"wp:featuredmedia":[{"embeddable":true,"href":"https:\/\/www.mpal.mp.br\/index.php?rest_route=\/wp\/v2\/media\/13530"}],"wp:attachment":[{"href":"https:\/\/www.mpal.mp.br\/index.php?rest_route=%2Fwp%2Fv2%2Fmedia&parent=13529"}],"wp:term":[{"taxonomy":"category","embeddable":true,"href":"https:\/\/www.mpal.mp.br\/index.php?rest_route=%2Fwp%2Fv2%2Fcategories&post=13529"},{"taxonomy":"post_tag","embeddable":true,"href":"https:\/\/www.mpal.mp.br\/index.php?rest_route=%2Fwp%2Fv2%2Ftags&post=13529"}],"curies":[{"name":"wp","href":"https:\/\/api.w.org\/{rel}","templated":true}]}}