{"id":13526,"date":"2012-05-29T12:16:27","date_gmt":"2012-05-29T15:16:27","guid":{"rendered":"https:\/\/www.mpal.mp.br\/?p=13526"},"modified":"2022-07-25T12:17:06","modified_gmt":"2022-07-25T15:17:06","slug":"acoes-para-reforcar-a-seguranca-publica-em-alagoas-serao-implantadas-no-estado","status":"publish","type":"post","link":"https:\/\/www.mpal.mp.br\/?p=13526","title":{"rendered":"A\u00e7\u00f5es para refor\u00e7ar a seguran\u00e7a p\u00fablica em Alagoas ser\u00e3o implantadas no Estado"},"content":{"rendered":"<div class=\"corpo\">\n<p style=\"text-align: justify;\"><span style=\"font-size: 14pt;\">O governador Teotonio Vilela vai refor\u00e7ar o combate \u00e0 criminalidade em Alagoas e, para isso, reuniu-se no final da tarde desta segunda-feira (28) com o Poder Judici\u00e1rio, a Assembleia Legislativa, Minist\u00e9rio P\u00fablico Estadual, 17\u00aa Vara Criminal de Macei\u00f3, Gecoc, Tribunal de Contas do Estado, Conselho Estadual de Seguran\u00e7a P\u00fablica e Ordem dos Advogados do Brasil (OAB-AL). A inten\u00e7\u00e3o \u00e9 garantir o apoio de todos esses segmentos a um programa de a\u00e7\u00f5es que traga resultados eficazes em um curto espa\u00e7o de tempo.<\/span><\/p>\n<p style=\"text-align: justify;\"><span style=\"font-size: 14pt;\">O procurador-geral de Justi\u00e7a, Eduardo Tavares, participou da reuni\u00e3o ao lado dos promotores Alfredo Gaspar de Mendon\u00e7a e Ant\u00f4nio Luiz dos Santos Filho, do Gecoc;<\/span><\/p>\n<p style=\"text-align: justify;\"><span style=\"font-size: 14pt;\">Teotonio disse na reuni\u00e3o que apesar dos esfor\u00e7os do Governo na \u00e1rea de seguran\u00e7a, que tinha 40 viaturas e agora tem mais de 400, da compra de mais armas, equipamentos de prote\u00e7\u00e3o, helic\u00f3ptero, melhoria nos sal\u00e1rios, reforma de delegacias e amplia\u00e7\u00e3o do sistema prisional, os resultados n\u00e3o est\u00e3o sendo o esperado na revers\u00e3o do \u00edndice de homic\u00eddios no Estado, praticamente 90% gerados pelo tr\u00e1fico de drogas.<\/span><\/p>\n<p style=\"text-align: justify;\"><span style=\"font-size: 14pt;\">\u201c\u00c9 preciso mobilizar os diversos poderes, a sociedade civil e maior volume de recursos para um combate mais preciso \u00e0 viol\u00eancia\u201d, defendeu Teotonio Vilela, que se re\u00fane nesta ter\u00e7a (29), em Bras\u00edlia, com o ministro da Justi\u00e7a, Jos\u00e9 Eduardo Cardozo, e com a ministra da Casa Civil, Gleisi Hoffmann, depois de sua audi\u00eancia com a presidenta Dilma Rousseff.<\/span><\/p>\n<p style=\"text-align: justify;\"><span style=\"font-size: 14pt;\">Teotonio tamb\u00e9m pretende se reunir com os prefeitos da Regi\u00e3o Metropolitana de Macei\u00f3. \u201cO combate \u00e0 viol\u00eancia se faz tamb\u00e9m com a\u00e7\u00f5es efetivas das prefeituras, como melhorar a ilumina\u00e7\u00e3o p\u00fablica, ocupar as \u00e1reas p\u00fablicas ociosas com espa\u00e7o para lazer e esporte e desenvolver programas de integra\u00e7\u00e3o social, principalmente dos jovens, retirando-os da criminalidade e do acesso ao tr\u00e1fico de drogas\u201d, afirmou.<\/span><\/p>\n<p style=\"text-align: justify;\"><span style=\"font-size: 14pt;\">Sobre o combate \u00e0s drogas, o governador informou que j\u00e1 conversou com o novo superintendente da Pol\u00edcia Federal sobre o assunto. \u201cAlagoas n\u00e3o produz crack. Ent\u00e3o temos que ter uma a\u00e7\u00e3o federal nas fronteiras para impedir o acesso da droga e a consequente inser\u00e7\u00e3o de jovens ao tr\u00e1fico, o que s\u00f3 faz aumentar a viol\u00eancia no Estado, principalmente na capital\u201d, enfatizou o governador, que antes da reuni\u00e3o com os poderes, TC, MP, Conseg e OAB, esteve por v\u00e1rias horas com a c\u00fapula da Seguran\u00e7a P\u00fablica do Estado e com secretarias que interagem diretamente com esse setor.<\/span><\/p>\n<p style=\"text-align: justify;\"><span style=\"font-size: 14pt;\">Estiveram reunidos com o governador o desembargador Sebasti\u00e3o Costa, presidente do Poder Judici\u00e1rio; o deputado Fernando Toledo, presidente do Poder Legislativo de Alagoas; juiz Maur\u00edcio Br\u00eada, coordenador da 17\u00aa Vara Criminal de Macei\u00f3; o advogado Paulo Br\u00eada, presidente do Conseg; o presidente do Tribunal de Contas, Luiz Eust\u00e1quio Toledo, e o presidente da OAB-AL, Omar Coelho de Mello.<\/span><\/p>\n<\/div>\n<div class=\"fonte\" style=\"text-align: justify;\"><span style=\"font-size: 14pt;\"><strong>Fonte:<\/strong>\u00a0Ag\u00eancia Alagoas<\/span><\/div>\n","protected":false},"excerpt":{"rendered":"<p> [&hellip;]<\/p>\n","protected":false},"author":2,"featured_media":13527,"comment_status":"open","ping_status":"open","sticky":false,"template":"","format":"standard","meta":{"om_disable_all_campaigns":false,"_monsterinsights_skip_tracking":false,"_monsterinsights_sitenote_active":false,"_monsterinsights_sitenote_note":"","_monsterinsights_sitenote_category":0,"_uf_show_specific_survey":0,"_uf_disable_surveys":false,"footnotes":""},"categories":[2],"tags":[],"class_list":["post-13526","post","type-post","status-publish","format-standard","has-post-thumbnail","hentry","category-not_mpal"],"aioseo_notices":[],"_links":{"self":[{"href":"https:\/\/www.mpal.mp.br\/index.php?rest_route=\/wp\/v2\/posts\/13526","targetHints":{"allow":["GET"]}}],"collection":[{"href":"https:\/\/www.mpal.mp.br\/index.php?rest_route=\/wp\/v2\/posts"}],"about":[{"href":"https:\/\/www.mpal.mp.br\/index.php?rest_route=\/wp\/v2\/types\/post"}],"author":[{"embeddable":true,"href":"https:\/\/www.mpal.mp.br\/index.php?rest_route=\/wp\/v2\/users\/2"}],"replies":[{"embeddable":true,"href":"https:\/\/www.mpal.mp.br\/index.php?rest_route=%2Fwp%2Fv2%2Fcomments&post=13526"}],"version-history":[{"count":1,"href":"https:\/\/www.mpal.mp.br\/index.php?rest_route=\/wp\/v2\/posts\/13526\/revisions"}],"predecessor-version":[{"id":13528,"href":"https:\/\/www.mpal.mp.br\/index.php?rest_route=\/wp\/v2\/posts\/13526\/revisions\/13528"}],"wp:featuredmedia":[{"embeddable":true,"href":"https:\/\/www.mpal.mp.br\/index.php?rest_route=\/wp\/v2\/media\/13527"}],"wp:attachment":[{"href":"https:\/\/www.mpal.mp.br\/index.php?rest_route=%2Fwp%2Fv2%2Fmedia&parent=13526"}],"wp:term":[{"taxonomy":"category","embeddable":true,"href":"https:\/\/www.mpal.mp.br\/index.php?rest_route=%2Fwp%2Fv2%2Fcategories&post=13526"},{"taxonomy":"post_tag","embeddable":true,"href":"https:\/\/www.mpal.mp.br\/index.php?rest_route=%2Fwp%2Fv2%2Ftags&post=13526"}],"curies":[{"name":"wp","href":"https:\/\/api.w.org\/{rel}","templated":true}]}}