{"id":13520,"date":"2012-05-24T12:13:53","date_gmt":"2012-05-24T15:13:53","guid":{"rendered":"https:\/\/www.mpal.mp.br\/?p=13520"},"modified":"2022-07-25T12:14:47","modified_gmt":"2022-07-25T15:14:47","slug":"procurador-geral-de-justica-ingressa-com-adin-contra-lei-municipal","status":"publish","type":"post","link":"https:\/\/www.mpal.mp.br\/?p=13520","title":{"rendered":"Procurador-geral de Justi\u00e7a ingressa com ADIN contra lei municipal"},"content":{"rendered":"<p style=\"text-align: justify;\"><span style=\"font-size: 14pt;\">O procurador-geral de Justi\u00e7a, Eduardo Tavares, ingressou no Tribunal de Justi\u00e7a com uma A\u00e7\u00e3o Direta de Inconstitucionalidade no Tribunal de Justi\u00e7a de Alagoas pedindo a derrubada de artigos das leis municipais que criaram gratifica\u00e7\u00f5es na Prefeitura de Macei\u00f3. Foram institu\u00eddas gratifica\u00e7\u00f5es de Avalia\u00e7\u00e3o de Desempenho e gratifica\u00e7\u00e3o de Est\u00edmulo \u00e0 Produtividade Individual em tr\u00eas secretarias municipais (Planejamento, Infraestrutura e Esporte); e na Superintend\u00eancia de Ilumina\u00e7\u00e3o, al\u00e9m da Procuradoria-Geral do Munic\u00edpio. Tavares quer uma liminar suspendendo imediatamente a edi\u00e7\u00e3o do decreto que autoriza o pagamento das gratifica\u00e7\u00f5es.<\/span><\/p>\n<p style=\"text-align: justify;\"><span style=\"font-size: 14pt;\">Ele atendeu ao expediente protocolado pelo promotor de Justi\u00e7a Marcus R\u00f4mulo, da Fazenda P\u00fablica Municipal, que apontou que as leis municipais 6119, 6120, 6121, 6123, 6125, 6129, todas de 2012, trazem artigos que estabelecem gratifica\u00e7\u00f5es aos servidores do munic\u00edpio, mas n\u00e3o determinam crit\u00e9rios, nem valores para concess\u00e3o e aferi\u00e7\u00e3o das gratifica\u00e7\u00f5es, deixando a cargo do prefeito a regulamenta\u00e7\u00e3o, mediante decreto, das regras.<\/span><\/p>\n<p style=\"text-align: justify;\"><span style=\"font-size: 14pt;\">Com isso, a inconstitucionalidade consiste em atribuir aos decretos executivos poderes exorbitantes, deixando sob a responsabilidade de quem estiver no comando do Executivo o poder para definir a qualquer tempo e ao bel prazer o conjunto de regras para a concess\u00e3o das gratifica\u00e7\u00f5es. \u201cA concess\u00e3o de liminar at\u00e9 o julgamento final dessa ADIN \u00e9 imprescind\u00edvel, pois a publica\u00e7\u00e3o do decreto ocasionar\u00e1 o pagamento continuado e indevido das gratifica\u00e7\u00f5es\u201d, explicou.<\/span><\/p>\n<p style=\"text-align: justify;\"><span style=\"font-size: 14pt;\">Para o promotor Marcus R\u00f4mulo, o que aconteceu neste caso foi a administrativiza\u00e7\u00e3o do direito, que surge quando se autoriza ao Executivo poderes ilimitados, criando atos que possuem for\u00e7a de lei e terminam por regrar a vida das empresas, dos estados e do cidad\u00e3o em geral. \u201cComo foi poss\u00edvel, ao aprovar a lei, afirmar que as despesas decorrentes das gratifica\u00e7\u00f5es n\u00e3o ferem a lei de responsabilidade fiscal se o valor das referidas gratifica\u00e7\u00f5es n\u00e3o foi fixado sequer em tese, ficando totalmente cometido aos decretos estabelec\u00ea-los?\u201d, questionou o promotor.<\/span><\/p>\n","protected":false},"excerpt":{"rendered":"<p> [&hellip;]<\/p>\n","protected":false},"author":2,"featured_media":13521,"comment_status":"open","ping_status":"open","sticky":false,"template":"","format":"standard","meta":{"om_disable_all_campaigns":false,"_monsterinsights_skip_tracking":false,"_monsterinsights_sitenote_active":false,"_monsterinsights_sitenote_note":"","_monsterinsights_sitenote_category":0,"_uf_show_specific_survey":0,"_uf_disable_surveys":false,"footnotes":""},"categories":[2],"tags":[],"class_list":["post-13520","post","type-post","status-publish","format-standard","has-post-thumbnail","hentry","category-not_mpal"],"aioseo_notices":[],"_links":{"self":[{"href":"https:\/\/www.mpal.mp.br\/index.php?rest_route=\/wp\/v2\/posts\/13520","targetHints":{"allow":["GET"]}}],"collection":[{"href":"https:\/\/www.mpal.mp.br\/index.php?rest_route=\/wp\/v2\/posts"}],"about":[{"href":"https:\/\/www.mpal.mp.br\/index.php?rest_route=\/wp\/v2\/types\/post"}],"author":[{"embeddable":true,"href":"https:\/\/www.mpal.mp.br\/index.php?rest_route=\/wp\/v2\/users\/2"}],"replies":[{"embeddable":true,"href":"https:\/\/www.mpal.mp.br\/index.php?rest_route=%2Fwp%2Fv2%2Fcomments&post=13520"}],"version-history":[{"count":1,"href":"https:\/\/www.mpal.mp.br\/index.php?rest_route=\/wp\/v2\/posts\/13520\/revisions"}],"predecessor-version":[{"id":13522,"href":"https:\/\/www.mpal.mp.br\/index.php?rest_route=\/wp\/v2\/posts\/13520\/revisions\/13522"}],"wp:featuredmedia":[{"embeddable":true,"href":"https:\/\/www.mpal.mp.br\/index.php?rest_route=\/wp\/v2\/media\/13521"}],"wp:attachment":[{"href":"https:\/\/www.mpal.mp.br\/index.php?rest_route=%2Fwp%2Fv2%2Fmedia&parent=13520"}],"wp:term":[{"taxonomy":"category","embeddable":true,"href":"https:\/\/www.mpal.mp.br\/index.php?rest_route=%2Fwp%2Fv2%2Fcategories&post=13520"},{"taxonomy":"post_tag","embeddable":true,"href":"https:\/\/www.mpal.mp.br\/index.php?rest_route=%2Fwp%2Fv2%2Ftags&post=13520"}],"curies":[{"name":"wp","href":"https:\/\/api.w.org\/{rel}","templated":true}]}}