{"id":13517,"date":"2012-05-18T12:12:39","date_gmt":"2012-05-18T15:12:39","guid":{"rendered":"https:\/\/www.mpal.mp.br\/?p=13517"},"modified":"2022-07-25T12:13:20","modified_gmt":"2022-07-25T15:13:20","slug":"eduardo-tavares-recebe-novo-superintendente-da-policia-federal","status":"publish","type":"post","link":"https:\/\/www.mpal.mp.br\/?p=13517","title":{"rendered":"Eduardo Tavares recebe novo superintendente da Pol\u00edcia Federal"},"content":{"rendered":"<p style=\"text-align: justify;\"><span style=\"font-size: 14pt;\">O procurador-geral de Justi\u00e7a, Eduardo Tavares, recebeu nesta sexta-feira (18) o novo superintendente da Pol\u00edcia Federal em Alagoas, Omar Gabriel Haj Mussi, e o delegado Antonio Miguel. Haj Mussi assumiu o cargo esta semana no lugar do delegado Amaro Vieira, que ficou pouco mais de dois anos na SPF. Na visita de cortesia foram tratados assuntos do dia a dia das duas institui\u00e7\u00f5es, al\u00e9m, \u00e9 claro, da confirma\u00e7\u00e3o da continuidade da parceria de a\u00e7\u00f5es no combate ao crime organizado, especialmente no desvio de recursos p\u00fablicos e no tr\u00e1fico de drogas. Participaram do encontro os procuradores Afr\u00e2nio Roberto Pereira de Queiroz e Luciano Chagas.<\/span><\/p>\n","protected":false},"excerpt":{"rendered":"<p> [&hellip;]<\/p>\n","protected":false},"author":2,"featured_media":13518,"comment_status":"open","ping_status":"open","sticky":false,"template":"","format":"standard","meta":{"om_disable_all_campaigns":false,"_monsterinsights_skip_tracking":false,"_monsterinsights_sitenote_active":false,"_monsterinsights_sitenote_note":"","_monsterinsights_sitenote_category":0,"_uf_show_specific_survey":0,"_uf_disable_surveys":false,"footnotes":""},"categories":[2],"tags":[],"class_list":["post-13517","post","type-post","status-publish","format-standard","has-post-thumbnail","hentry","category-not_mpal"],"aioseo_notices":[],"_links":{"self":[{"href":"https:\/\/www.mpal.mp.br\/index.php?rest_route=\/wp\/v2\/posts\/13517","targetHints":{"allow":["GET"]}}],"collection":[{"href":"https:\/\/www.mpal.mp.br\/index.php?rest_route=\/wp\/v2\/posts"}],"about":[{"href":"https:\/\/www.mpal.mp.br\/index.php?rest_route=\/wp\/v2\/types\/post"}],"author":[{"embeddable":true,"href":"https:\/\/www.mpal.mp.br\/index.php?rest_route=\/wp\/v2\/users\/2"}],"replies":[{"embeddable":true,"href":"https:\/\/www.mpal.mp.br\/index.php?rest_route=%2Fwp%2Fv2%2Fcomments&post=13517"}],"version-history":[{"count":1,"href":"https:\/\/www.mpal.mp.br\/index.php?rest_route=\/wp\/v2\/posts\/13517\/revisions"}],"predecessor-version":[{"id":13519,"href":"https:\/\/www.mpal.mp.br\/index.php?rest_route=\/wp\/v2\/posts\/13517\/revisions\/13519"}],"wp:featuredmedia":[{"embeddable":true,"href":"https:\/\/www.mpal.mp.br\/index.php?rest_route=\/wp\/v2\/media\/13518"}],"wp:attachment":[{"href":"https:\/\/www.mpal.mp.br\/index.php?rest_route=%2Fwp%2Fv2%2Fmedia&parent=13517"}],"wp:term":[{"taxonomy":"category","embeddable":true,"href":"https:\/\/www.mpal.mp.br\/index.php?rest_route=%2Fwp%2Fv2%2Fcategories&post=13517"},{"taxonomy":"post_tag","embeddable":true,"href":"https:\/\/www.mpal.mp.br\/index.php?rest_route=%2Fwp%2Fv2%2Ftags&post=13517"}],"curies":[{"name":"wp","href":"https:\/\/api.w.org\/{rel}","templated":true}]}}