{"id":13514,"date":"2012-05-17T12:11:23","date_gmt":"2012-05-17T15:11:23","guid":{"rendered":"https:\/\/www.mpal.mp.br\/?p=13514"},"modified":"2022-07-25T12:12:11","modified_gmt":"2022-07-25T15:12:11","slug":"pgj-discute-melhorias-nas-promotorias-de-arapiraca","status":"publish","type":"post","link":"https:\/\/www.mpal.mp.br\/?p=13514","title":{"rendered":"PGJ discute melhorias nas Promotorias de Arapiraca"},"content":{"rendered":"<p style=\"text-align: justify;\"><span style=\"font-size: 14pt;\">O Procurador-Geral de Justi\u00e7a, Eduardo Tavares, reuniu-se ontem com os membros das Promotorias de Justi\u00e7a de Arapiraca para discutir as atribui\u00e7\u00f5es dos promotores no munic\u00edpio. Com a redistribui\u00e7\u00e3o das atividades, o Minist\u00e9rio P\u00fablico Estadual busca otimizar os servi\u00e7os ministeriais desenvolvidos na regi\u00e3o. O Col\u00e9gio de Procuradores de Justi\u00e7a discutir\u00e1 o tema nos pr\u00f3ximos dias.<\/span><\/p>\n<p style=\"text-align: justify;\"><span style=\"font-size: 14pt;\">Segundo Tavares, o encontro organizado pelo procurador Geraldo Magela na sede das Promotorias da cidade representa uma iniciativa in\u00e9dita no sentido de horizontalizar as decis\u00f5es do MPE. \u201cNingu\u00e9m melhor que os pr\u00f3prios promotores de Arapiraca para descrever as dificuldades encontradas no cotidiano de trabalho. A Procuradoria-Geral de Justi\u00e7a dever\u00e1 se reunir com mais membros do Institui\u00e7\u00e3o para discutir melhorias em cada Promotoria\u201d, afirma.<\/span><\/p>\n<p style=\"text-align: justify;\"><span style=\"font-size: 14pt;\">Tamb\u00e9m participaram da reuni\u00e3o os procuradores S\u00e9rgio Juc\u00e1 e Afr\u00e2nio Roberto; os promotores Jos\u00e9 Neto, Lu\u00eds Cl\u00e1udio Branco Pires, Saulo Ventura, Adivaldo Batista, Valter Acioli, Vicente Porci\u00fancula, Alberto Ten\u00f3rio, Napole\u00e3o Amaral, Humberto Pimentel, Maur\u00edcio Wanderley; e o chefe de gabinete da PGJ, Fernando Augusto de Ara\u00fajo Jorge.<\/span><\/p>\n","protected":false},"excerpt":{"rendered":"<p> [&hellip;]<\/p>\n","protected":false},"author":2,"featured_media":13515,"comment_status":"open","ping_status":"open","sticky":false,"template":"","format":"standard","meta":{"om_disable_all_campaigns":false,"_monsterinsights_skip_tracking":false,"_monsterinsights_sitenote_active":false,"_monsterinsights_sitenote_note":"","_monsterinsights_sitenote_category":0,"_uf_show_specific_survey":0,"_uf_disable_surveys":false,"footnotes":""},"categories":[2],"tags":[],"class_list":["post-13514","post","type-post","status-publish","format-standard","has-post-thumbnail","hentry","category-not_mpal"],"aioseo_notices":[],"_links":{"self":[{"href":"https:\/\/www.mpal.mp.br\/index.php?rest_route=\/wp\/v2\/posts\/13514","targetHints":{"allow":["GET"]}}],"collection":[{"href":"https:\/\/www.mpal.mp.br\/index.php?rest_route=\/wp\/v2\/posts"}],"about":[{"href":"https:\/\/www.mpal.mp.br\/index.php?rest_route=\/wp\/v2\/types\/post"}],"author":[{"embeddable":true,"href":"https:\/\/www.mpal.mp.br\/index.php?rest_route=\/wp\/v2\/users\/2"}],"replies":[{"embeddable":true,"href":"https:\/\/www.mpal.mp.br\/index.php?rest_route=%2Fwp%2Fv2%2Fcomments&post=13514"}],"version-history":[{"count":1,"href":"https:\/\/www.mpal.mp.br\/index.php?rest_route=\/wp\/v2\/posts\/13514\/revisions"}],"predecessor-version":[{"id":13516,"href":"https:\/\/www.mpal.mp.br\/index.php?rest_route=\/wp\/v2\/posts\/13514\/revisions\/13516"}],"wp:featuredmedia":[{"embeddable":true,"href":"https:\/\/www.mpal.mp.br\/index.php?rest_route=\/wp\/v2\/media\/13515"}],"wp:attachment":[{"href":"https:\/\/www.mpal.mp.br\/index.php?rest_route=%2Fwp%2Fv2%2Fmedia&parent=13514"}],"wp:term":[{"taxonomy":"category","embeddable":true,"href":"https:\/\/www.mpal.mp.br\/index.php?rest_route=%2Fwp%2Fv2%2Fcategories&post=13514"},{"taxonomy":"post_tag","embeddable":true,"href":"https:\/\/www.mpal.mp.br\/index.php?rest_route=%2Fwp%2Fv2%2Ftags&post=13514"}],"curies":[{"name":"wp","href":"https:\/\/api.w.org\/{rel}","templated":true}]}}