{"id":13505,"date":"2012-05-11T11:52:16","date_gmt":"2012-05-11T14:52:16","guid":{"rendered":"https:\/\/www.mpal.mp.br\/?p=13505"},"modified":"2022-07-25T11:52:35","modified_gmt":"2022-07-25T14:52:35","slug":"promotoria-define-medidas-de-combate-a-criminalidade-em-sao-sebastiao","status":"publish","type":"post","link":"https:\/\/www.mpal.mp.br\/?p=13505","title":{"rendered":"Promotoria define medidas de combate \u00e0 criminalidade em S\u00e3o Sebasti\u00e3o"},"content":{"rendered":"<p style=\"text-align: justify;\"><span style=\"font-size: 14pt;\">A Promotoria de Justi\u00e7a de S\u00e3o Sebasti\u00e3o definiu em audi\u00eancia p\u00fablica uma s\u00e9rie de medidas para o combate e redu\u00e7\u00e3o da viol\u00eancia e criminalidade no munic\u00edpio. Na reuni\u00e3o realizada no audit\u00f3rio da Prefeitura Municipal, o promotor M\u00e1rio Martins solicitou ao Poder Executivo o aumento do n\u00famero de policiais civis e militares, que dever\u00e3o refor\u00e7ar a repress\u00e3o ao tr\u00e1fico de drogas. Soares tamb\u00e9m concedeu o prazo de 45 dias para a Prefeitura informar o Minist\u00e9rio P\u00fablico Estadual sobre o processo de instala\u00e7\u00e3o de c\u00e2meras de vigil\u00e2ncia. O monitoramento de ambientes p\u00fablicos dever\u00e1 auxiliar os trabalhos da pol\u00edcia.<\/span><\/p>\n<p style=\"text-align: justify;\"><span style=\"font-size: 14pt;\">Diante da constata\u00e7\u00e3o de que menores estavam dirigindo autom\u00f3veis, a Promotoria cobrou uma atua\u00e7\u00e3o mais incisiva dos \u00f3rg\u00e3os de fiscaliza\u00e7\u00e3o de tr\u00e2nsito. Soares afirmou que a pol\u00edcia deve seguir o Procedimento Administrativo n\u00ba 10\/2012 e as portarias que pro\u00edbem o uso de escapamento \u201cserrado\u201d em motocicletas e orientam os policiais a autuarem crian\u00e7as e adolescentes na condu\u00e7\u00e3o de ve\u00edculos. O promotor cobrou ainda uma atua\u00e7\u00e3o mais efetiva do Conselho Tutelar em rela\u00e7\u00e3o aos menores infratores.<\/span><\/p>\n<p style=\"text-align: justify;\"><span style=\"font-size: 14pt;\">Al\u00e9m do aumento do policiamento ostensivo, a Promotoria solicitou \u00e0 Prefeitura a confec\u00e7\u00e3o de portaria que proiba a polui\u00e7\u00e3o sonora e a pertuba\u00e7\u00e3o ao sossego p\u00fablico causado pelo som de autom\u00f3veis. Ao Poder Legislativo, o MPE pediu a vota\u00e7\u00e3o de projeto de lei que limite o funcionamento de bares e similares em S\u00e3o Sebasti\u00e3o.<\/span><\/p>\n","protected":false},"excerpt":{"rendered":"<p> [&hellip;]<\/p>\n","protected":false},"author":2,"featured_media":13506,"comment_status":"open","ping_status":"open","sticky":false,"template":"","format":"standard","meta":{"om_disable_all_campaigns":false,"_monsterinsights_skip_tracking":false,"_monsterinsights_sitenote_active":false,"_monsterinsights_sitenote_note":"","_monsterinsights_sitenote_category":0,"_uf_show_specific_survey":0,"_uf_disable_surveys":false,"footnotes":""},"categories":[2],"tags":[],"class_list":["post-13505","post","type-post","status-publish","format-standard","has-post-thumbnail","hentry","category-not_mpal"],"aioseo_notices":[],"_links":{"self":[{"href":"https:\/\/www.mpal.mp.br\/index.php?rest_route=\/wp\/v2\/posts\/13505","targetHints":{"allow":["GET"]}}],"collection":[{"href":"https:\/\/www.mpal.mp.br\/index.php?rest_route=\/wp\/v2\/posts"}],"about":[{"href":"https:\/\/www.mpal.mp.br\/index.php?rest_route=\/wp\/v2\/types\/post"}],"author":[{"embeddable":true,"href":"https:\/\/www.mpal.mp.br\/index.php?rest_route=\/wp\/v2\/users\/2"}],"replies":[{"embeddable":true,"href":"https:\/\/www.mpal.mp.br\/index.php?rest_route=%2Fwp%2Fv2%2Fcomments&post=13505"}],"version-history":[{"count":1,"href":"https:\/\/www.mpal.mp.br\/index.php?rest_route=\/wp\/v2\/posts\/13505\/revisions"}],"predecessor-version":[{"id":13507,"href":"https:\/\/www.mpal.mp.br\/index.php?rest_route=\/wp\/v2\/posts\/13505\/revisions\/13507"}],"wp:featuredmedia":[{"embeddable":true,"href":"https:\/\/www.mpal.mp.br\/index.php?rest_route=\/wp\/v2\/media\/13506"}],"wp:attachment":[{"href":"https:\/\/www.mpal.mp.br\/index.php?rest_route=%2Fwp%2Fv2%2Fmedia&parent=13505"}],"wp:term":[{"taxonomy":"category","embeddable":true,"href":"https:\/\/www.mpal.mp.br\/index.php?rest_route=%2Fwp%2Fv2%2Fcategories&post=13505"},{"taxonomy":"post_tag","embeddable":true,"href":"https:\/\/www.mpal.mp.br\/index.php?rest_route=%2Fwp%2Fv2%2Ftags&post=13505"}],"curies":[{"name":"wp","href":"https:\/\/api.w.org\/{rel}","templated":true}]}}