{"id":13502,"date":"2012-05-10T11:50:58","date_gmt":"2012-05-10T14:50:58","guid":{"rendered":"https:\/\/www.mpal.mp.br\/?p=13502"},"modified":"2022-07-25T11:51:44","modified_gmt":"2022-07-25T14:51:44","slug":"ministerio-publico-renova-convenio-com-banco-do-brasil","status":"publish","type":"post","link":"https:\/\/www.mpal.mp.br\/?p=13502","title":{"rendered":"Minist\u00e9rio P\u00fablico renova conv\u00eanio com Banco do Brasil"},"content":{"rendered":"<p style=\"text-align: justify;\"><span style=\"font-size: 14pt;\">O Minist\u00e9rio P\u00fablico Estadual renovou por mais cinco anos a parceria com o Banco do Brasil para a presta\u00e7\u00e3o de servi\u00e7os financeiros e gerenciamento da conta da Institui\u00e7\u00e3o. Entre os servi\u00e7os de responsabilidade exclusiva do banco, encontram-se a administra\u00e7\u00e3o dos cr\u00e9ditos provenientes da folha de pagamento e a disponibiliza\u00e7\u00e3o de informa\u00e7\u00f5es relativas a contracheques, em terminais de auto-atendimento e internet.<\/span><\/p>\n<p style=\"text-align: justify;\"><span style=\"font-size: 14pt;\">\u201cO Banco do Brasil e o MPE t\u00eam em comum a defesa da \u00e9tica, presteza e efici\u00eancia. O banco conta com ag\u00eancias banc\u00e1rias em praticamente todas as cidades com sedes de promotorias. Renovar o conv\u00eanio entre as duas institui\u00e7\u00f5es representa uma continuidade no desenvolvimento do nosso trabalho\u201d, afirmou o procurador-geral da Justi\u00e7a, Eduardo Tavares.<\/span><\/p>\n<p style=\"text-align: justify;\"><span style=\"font-size: 14pt;\">O contrato foi assinado por Tavares e pelo superintendente do Banco do Brasil em Alagoas Eduardo Paulo Sant Anna. \u201c Para n\u00f3s, \u00e9 uma honra manter a parceria com um cliente de primeira linha como o MPE. A partir do reconhecimento do nosso trabalho, devemos estar atentos para prestar servi\u00e7os cada vez mais qualificados ao conjunto de servidores e membros da Institui\u00e7\u00e3o, tal como para toda sociedade alagoana\u201d, disse Sant Anna.<\/span><\/p>\n<p style=\"text-align: justify;\"><span style=\"font-size: 14pt;\">Tamb\u00e9m estiveram presentes na reuni\u00e3o os procuradores de Justi\u00e7a Afr\u00e2nio Roberto e Geraldo Magela, os promotores Luiz Vasconcelos e Cyro Blatter, os diretores Carlos Eduardo \u00c1vila e Elenise Dautt. Pelo Banco do Brasil, participaram o gerente jur\u00eddico regional em Alagoas, Cezar Flores, o gerente-geral Andr\u00e9 Luiz Mascarenhas e o gerente de relacionamento Alan Pais Ten\u00f3rio, ambos da Ag\u00eancia Setor P\u00fablico.<\/span><\/p>\n","protected":false},"excerpt":{"rendered":"<p> [&hellip;]<\/p>\n","protected":false},"author":2,"featured_media":13503,"comment_status":"open","ping_status":"open","sticky":false,"template":"","format":"standard","meta":{"om_disable_all_campaigns":false,"_monsterinsights_skip_tracking":false,"_monsterinsights_sitenote_active":false,"_monsterinsights_sitenote_note":"","_monsterinsights_sitenote_category":0,"_uf_show_specific_survey":0,"_uf_disable_surveys":false,"footnotes":""},"categories":[2],"tags":[],"class_list":["post-13502","post","type-post","status-publish","format-standard","has-post-thumbnail","hentry","category-not_mpal"],"aioseo_notices":[],"_links":{"self":[{"href":"https:\/\/www.mpal.mp.br\/index.php?rest_route=\/wp\/v2\/posts\/13502","targetHints":{"allow":["GET"]}}],"collection":[{"href":"https:\/\/www.mpal.mp.br\/index.php?rest_route=\/wp\/v2\/posts"}],"about":[{"href":"https:\/\/www.mpal.mp.br\/index.php?rest_route=\/wp\/v2\/types\/post"}],"author":[{"embeddable":true,"href":"https:\/\/www.mpal.mp.br\/index.php?rest_route=\/wp\/v2\/users\/2"}],"replies":[{"embeddable":true,"href":"https:\/\/www.mpal.mp.br\/index.php?rest_route=%2Fwp%2Fv2%2Fcomments&post=13502"}],"version-history":[{"count":1,"href":"https:\/\/www.mpal.mp.br\/index.php?rest_route=\/wp\/v2\/posts\/13502\/revisions"}],"predecessor-version":[{"id":13504,"href":"https:\/\/www.mpal.mp.br\/index.php?rest_route=\/wp\/v2\/posts\/13502\/revisions\/13504"}],"wp:featuredmedia":[{"embeddable":true,"href":"https:\/\/www.mpal.mp.br\/index.php?rest_route=\/wp\/v2\/media\/13503"}],"wp:attachment":[{"href":"https:\/\/www.mpal.mp.br\/index.php?rest_route=%2Fwp%2Fv2%2Fmedia&parent=13502"}],"wp:term":[{"taxonomy":"category","embeddable":true,"href":"https:\/\/www.mpal.mp.br\/index.php?rest_route=%2Fwp%2Fv2%2Fcategories&post=13502"},{"taxonomy":"post_tag","embeddable":true,"href":"https:\/\/www.mpal.mp.br\/index.php?rest_route=%2Fwp%2Fv2%2Ftags&post=13502"}],"curies":[{"name":"wp","href":"https:\/\/api.w.org\/{rel}","templated":true}]}}