{"id":13496,"date":"2012-05-09T11:47:47","date_gmt":"2012-05-09T14:47:47","guid":{"rendered":"https:\/\/www.mpal.mp.br\/?p=13496"},"modified":"2022-07-25T11:48:25","modified_gmt":"2022-07-25T14:48:25","slug":"mp-e-parceiro-em-campanha-de-reducao-de-perdas-de-energia","status":"publish","type":"post","link":"https:\/\/www.mpal.mp.br\/?p=13496","title":{"rendered":"MP \u00e9 parceiro em campanha de redu\u00e7\u00e3o de perdas de energia"},"content":{"rendered":"<p style=\"text-align: justify;\"><span style=\"font-size: 14pt;\">A Eletrobras Distribui\u00e7\u00e3o Alagoas lan\u00e7ou nesta quarta-feira (09), no audit\u00f3rio Virg\u00ednio Loureiro, do Centro de Conven\u00e7\u00f5es, a Campanha de Combate ao Furto de Energia El\u00e9trica. O evento contou com a presen\u00e7a do Presidente da distribuidora, Marcos Madureira, diretores da Eletrobras, representantes de \u00f3rg\u00e3os parceiros, como o Minist\u00e9rio P\u00fablico Estadual, Tribunal de Justi\u00e7a, Arsal, Secretaria da Fazenda, Procon, Pol\u00edcia Militar e mais de 60 equipes de inspe\u00e7\u00e3o.<\/span><\/p>\n<p style=\"text-align: justify;\"><span style=\"font-size: 14pt;\">\u201cA energia furtada traz preju\u00edzos n\u00e3o s\u00f3 para a distribuidora, que perde faturamento, mas para todo o conjunto da sociedade. Afeta o repasse de impostos recolhidos em fatura, impactando negativamente na receita do governo e prefeituras; prejudica o consumidor regularizado, que acaba tendo que pagar uma conta de energia mais alta\u201d, afirmou o presidente Madureira.<\/span><\/p>\n<p style=\"text-align: justify;\"><span style=\"font-size: 14pt;\">Para o Procurador Geral de Justi\u00e7a, Eduardo Tavares, as institui\u00e7\u00f5es passam por uma nova fase, em que a busca ativa de solu\u00e7\u00f5es para as demandas da sociedade se torna princ\u00edpio b\u00e1sico de atua\u00e7\u00e3o do MPE. \u201cTemos o m\u00e1ximo interesse em fortalecer a parceria com a Eletrobras no combate ao furto de energia el\u00e9trica. Podem aguardar, pois novas a\u00e7\u00f5es de combate a esse crime est\u00e3o a caminho\u201d, concluiu.<\/span><\/p>\n<p style=\"text-align: justify;\"><span style=\"font-size: 14pt;\">Com a apresenta\u00e7\u00e3o \u201cPerdas de Energia \u2013 Preju\u00edzos para toda a sociedade\u201d, o assistente da diretoria Comercial, Almir Pereira tra\u00e7ou um panorama dos impactos das perdas el\u00e9tricas em Alagoas. Em 2011, do total de energia injetada no sistema el\u00e9trico, 30,27% se perdeu. Desse total, no mesmo ano, cerca de 18% das perdas financeiras, foram repassadas para a tarifa de energia el\u00e9trica, encarecendo a fatura dos consumidores regularizados. E o restante, aproximadamente 13%, o que equivale a mais de R$ 140 milh\u00f5es, se converteram em preju\u00edzos assumidos integralmente pela distribuidora.<\/span><\/p>\n<p style=\"text-align: justify;\"><span style=\"font-size: 14pt;\">No evento tamb\u00e9m foi apresentado o conjunto de a\u00e7\u00f5es que a distribuidora tem adotado para combater o furto de energia el\u00e9trica: amplia\u00e7\u00e3o em mais de 80% das equipes de inspe\u00e7\u00e3o; recadastramento dos pontos de ilumina\u00e7\u00e3o p\u00fablica; parceria com o Minist\u00e9rio P\u00fablico na den\u00fancia de entidades, gestores p\u00fablicos e de grandes clientes que fraudam energia; corte do fornecimento em condom\u00ednios que impedem acesso de equipes da distribuidora; contrata\u00e7\u00e3o de empresa credenciada pelo Inmetro para avalia\u00e7\u00e3o t\u00e9cnica em casos de suspeita de adultera\u00e7\u00e3o de medidores; troca de tampas de caixa de medidor opacas que dificultam a leitura; orienta\u00e7\u00e3o para a solicita\u00e7\u00e3o da liga\u00e7\u00e3o provis\u00f3ria de energia junto a organizadores de eventos; montagem de Grupo de Intelig\u00eancia de Combate \u00e0s Perdas composto por engenheiros e t\u00e9cnicos eletricistas, analistas de sistemas e assistentes comerciais para defini\u00e7\u00e3o das estrat\u00e9gias para inspe\u00e7\u00f5es.<\/span><\/p>\n<p style=\"text-align: justify;\"><span style=\"font-size: 14pt;\">Consumidores que tiverem conhecimento de casos de furtos de energia podem fazer den\u00fancias por meio do 0800.082.0196 ou atrav\u00e9s do site: www.ceal.com.br no link Den\u00fancia de Fraudes (canto inferior esquerdo da tela). A Eletrobras Distribui\u00e7\u00e3o Alagoas alerta que furto de energia el\u00e9trica \u00e9 crime, sujeito \u00e0 pena de pris\u00e3o e multa.<\/span><\/p>\n","protected":false},"excerpt":{"rendered":"<p> [&hellip;]<\/p>\n","protected":false},"author":2,"featured_media":13497,"comment_status":"open","ping_status":"open","sticky":false,"template":"","format":"standard","meta":{"om_disable_all_campaigns":false,"_monsterinsights_skip_tracking":false,"_monsterinsights_sitenote_active":false,"_monsterinsights_sitenote_note":"","_monsterinsights_sitenote_category":0,"_uf_show_specific_survey":0,"_uf_disable_surveys":false,"footnotes":""},"categories":[2],"tags":[],"class_list":["post-13496","post","type-post","status-publish","format-standard","has-post-thumbnail","hentry","category-not_mpal"],"aioseo_notices":[],"_links":{"self":[{"href":"https:\/\/www.mpal.mp.br\/index.php?rest_route=\/wp\/v2\/posts\/13496","targetHints":{"allow":["GET"]}}],"collection":[{"href":"https:\/\/www.mpal.mp.br\/index.php?rest_route=\/wp\/v2\/posts"}],"about":[{"href":"https:\/\/www.mpal.mp.br\/index.php?rest_route=\/wp\/v2\/types\/post"}],"author":[{"embeddable":true,"href":"https:\/\/www.mpal.mp.br\/index.php?rest_route=\/wp\/v2\/users\/2"}],"replies":[{"embeddable":true,"href":"https:\/\/www.mpal.mp.br\/index.php?rest_route=%2Fwp%2Fv2%2Fcomments&post=13496"}],"version-history":[{"count":1,"href":"https:\/\/www.mpal.mp.br\/index.php?rest_route=\/wp\/v2\/posts\/13496\/revisions"}],"predecessor-version":[{"id":13498,"href":"https:\/\/www.mpal.mp.br\/index.php?rest_route=\/wp\/v2\/posts\/13496\/revisions\/13498"}],"wp:featuredmedia":[{"embeddable":true,"href":"https:\/\/www.mpal.mp.br\/index.php?rest_route=\/wp\/v2\/media\/13497"}],"wp:attachment":[{"href":"https:\/\/www.mpal.mp.br\/index.php?rest_route=%2Fwp%2Fv2%2Fmedia&parent=13496"}],"wp:term":[{"taxonomy":"category","embeddable":true,"href":"https:\/\/www.mpal.mp.br\/index.php?rest_route=%2Fwp%2Fv2%2Fcategories&post=13496"},{"taxonomy":"post_tag","embeddable":true,"href":"https:\/\/www.mpal.mp.br\/index.php?rest_route=%2Fwp%2Fv2%2Ftags&post=13496"}],"curies":[{"name":"wp","href":"https:\/\/api.w.org\/{rel}","templated":true}]}}