{"id":13493,"date":"2012-05-04T11:46:36","date_gmt":"2012-05-04T14:46:36","guid":{"rendered":"https:\/\/www.mpal.mp.br\/?p=13493"},"modified":"2022-07-25T11:47:17","modified_gmt":"2022-07-25T14:47:17","slug":"mp-participa-de-reunioes-para-fortalecimento-de-campanha-contra-a-corrupcao","status":"publish","type":"post","link":"https:\/\/www.mpal.mp.br\/?p=13493","title":{"rendered":"MP participa de reuni\u00f5es para fortalecimento de campanha contra a corrup\u00e7\u00e3o"},"content":{"rendered":"<p style=\"text-align: justify;\"><span style=\"font-size: 14pt;\">O coordenador nacional da campanha O que voc\u00ea tem a ver com a corrup\u00e7\u00e3o?, Promotor de Justi\u00e7a Jairo Cruz Moreira (Minist\u00e9rio P\u00fablico do Estado de Minas Gerais), conduziu nessa ter\u00e7a-feira, 24, tr\u00eas importantes encontros em Bras\u00edlia. Neles, o grupo de trabalho discutiu formas de renovar e estabelecer de importantes parcerias para o desenvolvimento da campanha.<\/span><\/p>\n<p style=\"text-align: justify;\"><span style=\"font-size: 14pt;\">Na parte da manh\u00e3, o grupo foi recebido pelo vice-presidente institucional das Organiza\u00e7\u00f5es Globo, Paulo Tonet Camargo. O coordenador nacional da campanha apresentou o plano de trabalho de sua gest\u00e3o, as parcerias j\u00e1 existentes e prop\u00f4s iniciativas para o desenvolvimento da campanha. Na oportunidade, Camargo destacou que o combate \u00e0 corrup\u00e7\u00e3o passa necessariamente pelo preparo das gera\u00e7\u00f5es futuras, um dos focos da campanha.<\/span><\/p>\n<p style=\"text-align: justify;\"><span style=\"font-size: 14pt;\">Na parte da tarde, a coordenadoria da campanha foi recebida, na C\u00e2mara dos Deputados, pelo Deputado Federal Rubens Bueno (PPS\/PR) \u2013 l\u00edder do bloco PPS-PV \u2013 e sua equipe de assessores parlamentares. Moreira apresentou as linhas gerais da Campanha e destacou a import\u00e2ncia de que o projeto pedag\u00f3gico do programa \u2013 j\u00e1 adotado na rede p\u00fablica de ensino do Estado de Santa Catarina \u2013 poderia ser apresentado em projeto de lei.<\/span><\/p>\n<p style=\"text-align: justify;\"><span style=\"font-size: 14pt;\">Dessa forma, seriam adotados no ensino b\u00e1sico no Brasil, como eixos transversais, o combate \u00e0 corrup\u00e7\u00e3o e no\u00e7\u00f5es de \u00e9tica. O deputado Bueno destacou sua preocupa\u00e7\u00e3o com a aprova\u00e7\u00e3o de projetos de lei importantes para o enfrentamento da corrup\u00e7\u00e3o no Brasil, como o fim do voto secreto em processos de cassa\u00e7\u00e3o de mandato, e o julgamento de casos emblem\u00e1ticos pendentes de aprecia\u00e7\u00e3o nos Tribunais Superiores. A reuni\u00e3o contou com a participa\u00e7\u00e3o de Jorge Donizeti Sanchez, representante da Amarribo Brasil, do Promotor de Justi\u00e7a do Minist\u00e9rio P\u00fablico do Estado do Piau\u00ed Ruszel Cavalcante, que apresentou a segunda edi\u00e7\u00e3o do livro \u201cDespesa p\u00fablica e corrup\u00e7\u00e3o no Brasil\u201d, al\u00e9m de outros Deputados Federais e representantes da sociedade civil.<\/span><\/p>\n<p style=\"text-align: justify;\"><span style=\"font-size: 14pt;\">O terceiro encontro do dia foi com o Secret\u00e1rio de Preven\u00e7\u00e3o da Corrup\u00e7\u00e3o e Informa\u00e7\u00f5es Estrat\u00e9gicas da Controladoria-Geral da Uni\u00e3o (CGU), M\u00e1rio Vin\u00edcius Claussen Spinelli, e com o Coordenador-Geral de Fomento ao Fortalecimento da Gest\u00e3o e Controle Social, F\u00e1bio F\u00e9lix Cunha da Silva. Al\u00e9m de apresentar o atual plano de trabalho da campanha, Moreira prop\u00f4s uma s\u00e9rie de iniciativas em conjunto com a CGU para o fortalecimento da campanha e da preven\u00e7\u00e3o da corrup\u00e7\u00e3o.<\/span><\/p>\n<p style=\"text-align: justify;\"><span style=\"font-size: 14pt;\">O secret\u00e1rio da CGU destacou a necessidade de o Minist\u00e9rio P\u00fablico e a CGU atuarem de forma mais integrada para permitir a\u00e7\u00f5es eficazes, especialmente na preven\u00e7\u00e3o da corrup\u00e7\u00e3o e na forma\u00e7\u00e3o de jovens atentos ao resgate da \u00e9tica e \u00e0 constru\u00e7\u00e3o da cidadania.<\/span><\/p>\n<p style=\"text-align: justify;\"><span style=\"font-size: 14pt;\">Durante todo o dia, o coordenador nacional foi acompanhado pelo servidor Alberto Vieira, do MP\/MG, pelos Promotores de Justi\u00e7a Affonso Ghizzo Neto (MP\/SC) e Antonio Suxberger (MPDFT), al\u00e9m do Procurador do Trabalho F\u00e1bio Leal Cardoso (MPT).<\/span><\/p>\n<p style=\"text-align: justify;\"><span style=\"font-size: 14pt;\">Saiba mais<\/span><\/p>\n<p style=\"text-align: justify;\"><span style=\"font-size: 14pt;\">A campanha O que voc\u00ea tem a ver com a corrup\u00e7\u00e3o? \u00e9 promovida pelo Conselho Nacional de Procuradores-Gerais dos Minist\u00e9rios P\u00fablicos dos Estados e da Uni\u00e3o. Idealizada h\u00e1 quase uma d\u00e9cada no Minist\u00e9rio P\u00fablico do Estado de Santa Catarina, a campanha foi vencedora do Pr\u00eamio Innovare no ano de 2005.<\/span><\/p>\n","protected":false},"excerpt":{"rendered":"<p> [&hellip;]<\/p>\n","protected":false},"author":2,"featured_media":13494,"comment_status":"open","ping_status":"open","sticky":false,"template":"","format":"standard","meta":{"om_disable_all_campaigns":false,"_monsterinsights_skip_tracking":false,"_monsterinsights_sitenote_active":false,"_monsterinsights_sitenote_note":"","_monsterinsights_sitenote_category":0,"_uf_show_specific_survey":0,"_uf_disable_surveys":false,"footnotes":""},"categories":[2],"tags":[],"class_list":["post-13493","post","type-post","status-publish","format-standard","has-post-thumbnail","hentry","category-not_mpal"],"aioseo_notices":[],"_links":{"self":[{"href":"https:\/\/www.mpal.mp.br\/index.php?rest_route=\/wp\/v2\/posts\/13493","targetHints":{"allow":["GET"]}}],"collection":[{"href":"https:\/\/www.mpal.mp.br\/index.php?rest_route=\/wp\/v2\/posts"}],"about":[{"href":"https:\/\/www.mpal.mp.br\/index.php?rest_route=\/wp\/v2\/types\/post"}],"author":[{"embeddable":true,"href":"https:\/\/www.mpal.mp.br\/index.php?rest_route=\/wp\/v2\/users\/2"}],"replies":[{"embeddable":true,"href":"https:\/\/www.mpal.mp.br\/index.php?rest_route=%2Fwp%2Fv2%2Fcomments&post=13493"}],"version-history":[{"count":1,"href":"https:\/\/www.mpal.mp.br\/index.php?rest_route=\/wp\/v2\/posts\/13493\/revisions"}],"predecessor-version":[{"id":13495,"href":"https:\/\/www.mpal.mp.br\/index.php?rest_route=\/wp\/v2\/posts\/13493\/revisions\/13495"}],"wp:featuredmedia":[{"embeddable":true,"href":"https:\/\/www.mpal.mp.br\/index.php?rest_route=\/wp\/v2\/media\/13494"}],"wp:attachment":[{"href":"https:\/\/www.mpal.mp.br\/index.php?rest_route=%2Fwp%2Fv2%2Fmedia&parent=13493"}],"wp:term":[{"taxonomy":"category","embeddable":true,"href":"https:\/\/www.mpal.mp.br\/index.php?rest_route=%2Fwp%2Fv2%2Fcategories&post=13493"},{"taxonomy":"post_tag","embeddable":true,"href":"https:\/\/www.mpal.mp.br\/index.php?rest_route=%2Fwp%2Fv2%2Ftags&post=13493"}],"curies":[{"name":"wp","href":"https:\/\/api.w.org\/{rel}","templated":true}]}}