{"id":13490,"date":"2012-05-04T11:44:44","date_gmt":"2012-05-04T14:44:44","guid":{"rendered":"https:\/\/www.mpal.mp.br\/?p=13490"},"modified":"2022-07-25T11:46:03","modified_gmt":"2022-07-25T14:46:03","slug":"meta-2-mpe-e-policia-civil-comemoram-resultados","status":"publish","type":"post","link":"https:\/\/www.mpal.mp.br\/?p=13490","title":{"rendered":"Meta 2: MPE e Pol\u00edcia Civil comemoram resultados"},"content":{"rendered":"<p style=\"text-align: justify;\"><span style=\"font-size: 14pt;\">O Minist\u00e9rio P\u00fablico Estadual e a Pol\u00edcia Civil comemoraram ontem o resultado do mutir\u00e3o de trabalho para dar andamento aos inqu\u00e9ritos da Meta 2, da Estrat\u00e9gia Nacional de Seguran\u00e7a P\u00fablica (Enasp) constitu\u00edda por iniciativa do Conselho Nacional do Minist\u00e9rio P\u00fablico, Conselho Nacional de Justi\u00e7a e Minist\u00e9rio da Justi\u00e7a. Em Alagoas foram integralmente apreciados 3099 processos, sendo que destes 2292 foram diligenciados, 138 denunciados, 469 arquivados e 15 desclassificados. O n\u00famero \u00e9 menor do que os 4180 anunciados inicialmente, pois 480 j\u00e1 tinham sido transformados em processos, enquanto outros 601 ainda est\u00e3o em andamento em delegacias do Estado \u2013 e por isso n\u00e3o entraram no mutir\u00e3o, sendo retirados do mutir\u00e3o.<\/span><\/p>\n<p style=\"text-align: justify;\"><span style=\"font-size: 14pt;\">Diferente do que chegou a ser anunciado, os documentos em nenhum momento foram perdidos. Os n\u00fameros foram debatidos em uma reuni\u00e3o no pr\u00e9dio-sede do MPE. Foram alcan\u00e7ados 14,9% que j\u00e1 est\u00e3o inseridos no Inqueritometro do CNMP. Na verdade, este n\u00famero \u00e9 bem maior atingindo os 21,35%, devido aos inqu\u00e9ritos que n\u00e3o foram analisados. At\u00e9 o dia 20 deste m\u00eas novos n\u00fameros devem ser inseridos. Ficou decidido ainda que o mutir\u00e3o com promotores, delegados, agentes, escriv\u00e3es e servidores do MPE ser\u00e1 prorrogado por mais 30 dias, sendo refor\u00e7ado com a chegada dos analistas recentemente aprovados no concurso do Minist\u00e9rio P\u00fablico Estadual.<\/span><\/p>\n<p style=\"text-align: justify;\"><span style=\"font-size: 14pt;\">Segundo o procurador-geral de Justi\u00e7a, Eduardo Tavares, a inten\u00e7\u00e3o do mutir\u00e3o foi buscar a Justi\u00e7a para as v\u00edtimas da viol\u00eancia em Alagoas, e por isso, o trabalho feito em parceria do MPE com a Pol\u00edcia Civil buscou analisar detalhadamente cada um dos inqu\u00e9ritos. Ele explicou que a an\u00e1lise foi feita de forma criteriosa e n\u00e3o apenas visando atingir estat\u00edsticas, j\u00e1 que desta forma, seria muito mais f\u00e1cil arquivar os inqu\u00e9ritos em bloco.<\/span><\/p>\n<p style=\"text-align: justify;\"><span style=\"font-size: 14pt;\">\u201cNossa inten\u00e7\u00e3o \u00e9 fazer justi\u00e7a. Estamos contribuindo decisivamente para o fim da impunidade. Sempre \u00e9 bom lembrar que cada inqu\u00e9rito deste representa uma ou mais vidas\u201d, destacou. \u201cO inqu\u00e9rito que n\u00e3o foi objeto de den\u00fancia ou arquivamento, foi objeto de dilig\u00eancia. Afinal, o que interessa mesmo \u00e9 diminuir os \u00edndices de impunidade, nunca o arquivamento, precipitado e muito menos a den\u00fancia sem sufici\u00eancia de provas\u201d, acrescentou o procurador-geral de Justi\u00e7a, dizendo que o resultado do mutir\u00e3o foi excepcional.<\/span><\/p>\n<p style=\"text-align: justify;\"><span style=\"font-size: 14pt;\">Para o delegado-geral de Pol\u00edcia Civil, Jos\u00e9 Edson Freitas, as duas institui\u00e7\u00f5es t\u00eam muito o que comemorar devido ao resultado do trabalho conjunto desenvolvido no mutir\u00e3o. Ele informou, logo ap\u00f3s a reuni\u00e3o, que a parceria ter\u00e1 continuidade em outras a\u00e7\u00f5es, refor\u00e7ando que o Grupo Especial de Apoio Investigativo (GEAI) que j\u00e1 vem atuando vai focar seus trabalhos nos 601 inqu\u00e9ritos que est\u00e3o em andamento nas delegacias. \u201cQuando mais houver harmonia entre as duas institui\u00e7\u00f5es, maior ser\u00e1 o saldo positivo para sociedade, pois \u00e9 quem mais ganha com a parceria de combate ao crime em Alagoas\u201d, afirmou o delegado.<\/span><\/p>\n<p style=\"text-align: justify;\"><span style=\"font-size: 14pt;\">Ainda participaram do encontro as promotoras Karla Padilha, C\u00edntia Calumby, Miry\u00e3 Ferro, o promotor Luiz Vasconcelos e o procurador Afr\u00e2nio Roberto; as delegadas Luci M\u00f4nica, Fabiana Le\u00e3o, Rebecca Cordeiro e Adriana Gusm\u00e3o.<\/span><\/p>\n","protected":false},"excerpt":{"rendered":"<p> [&hellip;]<\/p>\n","protected":false},"author":2,"featured_media":13491,"comment_status":"open","ping_status":"open","sticky":false,"template":"","format":"standard","meta":{"om_disable_all_campaigns":false,"_monsterinsights_skip_tracking":false,"_monsterinsights_sitenote_active":false,"_monsterinsights_sitenote_note":"","_monsterinsights_sitenote_category":0,"_uf_show_specific_survey":0,"_uf_disable_surveys":false,"footnotes":""},"categories":[2],"tags":[],"class_list":["post-13490","post","type-post","status-publish","format-standard","has-post-thumbnail","hentry","category-not_mpal"],"aioseo_notices":[],"_links":{"self":[{"href":"https:\/\/www.mpal.mp.br\/index.php?rest_route=\/wp\/v2\/posts\/13490","targetHints":{"allow":["GET"]}}],"collection":[{"href":"https:\/\/www.mpal.mp.br\/index.php?rest_route=\/wp\/v2\/posts"}],"about":[{"href":"https:\/\/www.mpal.mp.br\/index.php?rest_route=\/wp\/v2\/types\/post"}],"author":[{"embeddable":true,"href":"https:\/\/www.mpal.mp.br\/index.php?rest_route=\/wp\/v2\/users\/2"}],"replies":[{"embeddable":true,"href":"https:\/\/www.mpal.mp.br\/index.php?rest_route=%2Fwp%2Fv2%2Fcomments&post=13490"}],"version-history":[{"count":1,"href":"https:\/\/www.mpal.mp.br\/index.php?rest_route=\/wp\/v2\/posts\/13490\/revisions"}],"predecessor-version":[{"id":13492,"href":"https:\/\/www.mpal.mp.br\/index.php?rest_route=\/wp\/v2\/posts\/13490\/revisions\/13492"}],"wp:featuredmedia":[{"embeddable":true,"href":"https:\/\/www.mpal.mp.br\/index.php?rest_route=\/wp\/v2\/media\/13491"}],"wp:attachment":[{"href":"https:\/\/www.mpal.mp.br\/index.php?rest_route=%2Fwp%2Fv2%2Fmedia&parent=13490"}],"wp:term":[{"taxonomy":"category","embeddable":true,"href":"https:\/\/www.mpal.mp.br\/index.php?rest_route=%2Fwp%2Fv2%2Fcategories&post=13490"},{"taxonomy":"post_tag","embeddable":true,"href":"https:\/\/www.mpal.mp.br\/index.php?rest_route=%2Fwp%2Fv2%2Ftags&post=13490"}],"curies":[{"name":"wp","href":"https:\/\/api.w.org\/{rel}","templated":true}]}}