{"id":13480,"date":"2012-04-25T11:38:43","date_gmt":"2012-04-25T14:38:43","guid":{"rendered":"https:\/\/www.mpal.mp.br\/?p=13480"},"modified":"2022-07-25T11:38:56","modified_gmt":"2022-07-25T14:38:56","slug":"treinamento-sobre-virtualizacao-no-dia-4-de-maio","status":"publish","type":"post","link":"https:\/\/www.mpal.mp.br\/?p=13480","title":{"rendered":"Treinamento sobre virtualiza\u00e7\u00e3o no dia 4 de maio"},"content":{"rendered":"<p style=\"text-align: justify;\"><span style=\"font-size: 14pt;\">O Procurador-Geral de Justi\u00e7a, Eduardo Tavares informa aos Promotores de Justi\u00e7a sobre a importante participa\u00e7\u00e3o no treinamento para implanta\u00e7\u00e3o do processo eletr\u00f4nico. O encontro acontecer\u00e1 na sexta-feira, 04 de maio, \u00e0s 14h, na Escola Superior da Magistratura de Alagoas (ESMAL). Segundo a Desembargadora Nelma Padilha, em exerc\u00edcio da Presid\u00eancia do TJ, o evento \u00e9 indispens\u00e1vel para que os promotores esclare\u00e7am as d\u00favidas quanto ao projeto de virtualiza\u00e7\u00e3o do Poder Judici\u00e1rio.<\/span><\/p>\n","protected":false},"excerpt":{"rendered":"<p> [&hellip;]<\/p>\n","protected":false},"author":2,"featured_media":3993,"comment_status":"open","ping_status":"open","sticky":false,"template":"","format":"standard","meta":{"om_disable_all_campaigns":false,"_monsterinsights_skip_tracking":false,"_monsterinsights_sitenote_active":false,"_monsterinsights_sitenote_note":"","_monsterinsights_sitenote_category":0,"_uf_show_specific_survey":0,"_uf_disable_surveys":false,"footnotes":""},"categories":[2],"tags":[],"class_list":["post-13480","post","type-post","status-publish","format-standard","has-post-thumbnail","hentry","category-not_mpal"],"aioseo_notices":[],"_links":{"self":[{"href":"https:\/\/www.mpal.mp.br\/index.php?rest_route=\/wp\/v2\/posts\/13480","targetHints":{"allow":["GET"]}}],"collection":[{"href":"https:\/\/www.mpal.mp.br\/index.php?rest_route=\/wp\/v2\/posts"}],"about":[{"href":"https:\/\/www.mpal.mp.br\/index.php?rest_route=\/wp\/v2\/types\/post"}],"author":[{"embeddable":true,"href":"https:\/\/www.mpal.mp.br\/index.php?rest_route=\/wp\/v2\/users\/2"}],"replies":[{"embeddable":true,"href":"https:\/\/www.mpal.mp.br\/index.php?rest_route=%2Fwp%2Fv2%2Fcomments&post=13480"}],"version-history":[{"count":1,"href":"https:\/\/www.mpal.mp.br\/index.php?rest_route=\/wp\/v2\/posts\/13480\/revisions"}],"predecessor-version":[{"id":13481,"href":"https:\/\/www.mpal.mp.br\/index.php?rest_route=\/wp\/v2\/posts\/13480\/revisions\/13481"}],"wp:featuredmedia":[{"embeddable":true,"href":"https:\/\/www.mpal.mp.br\/index.php?rest_route=\/wp\/v2\/media\/3993"}],"wp:attachment":[{"href":"https:\/\/www.mpal.mp.br\/index.php?rest_route=%2Fwp%2Fv2%2Fmedia&parent=13480"}],"wp:term":[{"taxonomy":"category","embeddable":true,"href":"https:\/\/www.mpal.mp.br\/index.php?rest_route=%2Fwp%2Fv2%2Fcategories&post=13480"},{"taxonomy":"post_tag","embeddable":true,"href":"https:\/\/www.mpal.mp.br\/index.php?rest_route=%2Fwp%2Fv2%2Ftags&post=13480"}],"curies":[{"name":"wp","href":"https:\/\/api.w.org\/{rel}","templated":true}]}}