{"id":13477,"date":"2012-04-25T11:37:36","date_gmt":"2012-04-25T14:37:36","guid":{"rendered":"https:\/\/www.mpal.mp.br\/?p=13477"},"modified":"2022-07-25T11:38:09","modified_gmt":"2022-07-25T14:38:09","slug":"13477","status":"publish","type":"post","link":"https:\/\/www.mpal.mp.br\/?p=13477","title":{"rendered":"MPE refor\u00e7a divulga\u00e7\u00e3o do Programa Ufal em Defesa da Vida"},"content":{"rendered":"<p style=\"text-align: justify;\"><span style=\"font-size: 14pt;\">Entre os dias 13 e 14 de junho, a Universidade Federal de Alagoas realiza o 11\u00ba Ato do Programa Ufal em Defesa da Vida. Antes disso, a Pr\u00f3-reitoria Estudantil (Proest) promove a\u00e7\u00f5es que buscam o resgate pelas hist\u00f3rias de vida e pela identidade de v\u00edtimas fatais da viol\u00eancia no Estado de Alagoas. Al\u00e9m do formul\u00e1rio presente no portal da institui\u00e7\u00e3o, as atividades envolvem articula\u00e7\u00f5es com profissionais que trabalham nas ruas de Macei\u00f3. A parceria permite que pessoas em situa\u00e7\u00e3o de rua relatem o perfil de amigos ou familiares assassinados. Para responder o question\u00e1rio acesse o link abaixo.<\/span><\/p>\n<p style=\"text-align: justify;\"><span style=\"font-size: 14pt;\">O elevado \u00edndice de mortes violentas em Alagoas atinge indiv\u00edduos de diferentes contextos sociais. Na \u00faltima sexta-feira (20), com o aux\u00edlio do Consult\u00f3rio de Rua, o programa Ufal em Defesa da Vida iniciou a\u00e7\u00f5es que d\u00e3o voz a jovens em situa\u00e7\u00e3o de vulnerabilidade socioecon\u00f4mica. Como esses garotos n\u00e3o possuem acesso \u00e0 internet, a iniciativa recolhe dados sobre conhecidos deles que foram v\u00edtimas fatais da viol\u00eancia. De acordo com a professora de Enfermagem da universidade e integrante do Consult\u00f3rio, Jorgina Sales, a proposta \u00e9 a inser\u00e7\u00e3o de pessoas com poucas oportunidades no projeto.<\/span><\/p>\n<p style=\"text-align: justify;\"><span style=\"font-size: 14pt;\">\u201cJ\u00e1 que eles n\u00e3o t\u00eam acesso \u00e0 internet e, devido a essa circunst\u00e2ncia, dificilmente preencheriam o formul\u00e1rio presente no site da Ufal, n\u00f3s levamos o projeto at\u00e9 eles. Vamos \u00e0s ruas e coletamos os dados das pessoas do conv\u00edvio deles que perderam a vida violentamente. Posteriormente, iremos colocar \u2013 ao lado deles \u2013 essas informa\u00e7\u00f5es no portal da universidade\u201d, salientou.<\/span><\/p>\n<p style=\"text-align: justify;\"><span style=\"font-size: 14pt;\">Segundo Sales, as pessoas atendidas pelo Consult\u00f3rio de Rua e ouvidas pelo programa est\u00e3o motivadas e prometem participar das atividades referentes \u00e0 campanha em protesto aos \u00edndices alarmantes da viol\u00eancia em Alagoas. \u201cEles querem contar as hist\u00f3rias de vida de amigos e familiares que perderam a vida e est\u00e3o dispostos a homenage\u00e1-los no 11\u00ba Ato do programa Ufal em Defesa da Vida. Eles gostaram da ideia e da possibilidade de plantarem \u00e1rvores com os nomes das pessoas queridas. Por isso, vamos continuar conversando com eles para colher mais hist\u00f3rias\u201d, revelou.<\/span><\/p>\n<p style=\"text-align: justify;\"><span style=\"font-size: 14pt;\">Essas a\u00e7\u00f5es acontecem at\u00e9 a realiza\u00e7\u00e3o do 11\u00ba ato do programa Ufal em Defesa da vida, que neste ano traz o mote \u201cA dor que os n\u00fameros n\u00e3o revelam\u201d. O momento acontecer\u00e1 nos tr\u00eas campi da institui\u00e7\u00e3o, com a cria\u00e7\u00e3o dos Bosques em Defesa da Vida, onde ser\u00e3o plantadas 2 mil e 300 mudas de \u00e1rvores em homenagem aos assassinados no Estado.<\/span><\/p>\n","protected":false},"excerpt":{"rendered":"<p> [&hellip;]<\/p>\n","protected":false},"author":2,"featured_media":3993,"comment_status":"open","ping_status":"open","sticky":false,"template":"","format":"standard","meta":{"om_disable_all_campaigns":false,"_monsterinsights_skip_tracking":false,"_monsterinsights_sitenote_active":false,"_monsterinsights_sitenote_note":"","_monsterinsights_sitenote_category":0,"_uf_show_specific_survey":0,"_uf_disable_surveys":false,"footnotes":""},"categories":[2],"tags":[],"class_list":["post-13477","post","type-post","status-publish","format-standard","has-post-thumbnail","hentry","category-not_mpal"],"aioseo_notices":[],"_links":{"self":[{"href":"https:\/\/www.mpal.mp.br\/index.php?rest_route=\/wp\/v2\/posts\/13477","targetHints":{"allow":["GET"]}}],"collection":[{"href":"https:\/\/www.mpal.mp.br\/index.php?rest_route=\/wp\/v2\/posts"}],"about":[{"href":"https:\/\/www.mpal.mp.br\/index.php?rest_route=\/wp\/v2\/types\/post"}],"author":[{"embeddable":true,"href":"https:\/\/www.mpal.mp.br\/index.php?rest_route=\/wp\/v2\/users\/2"}],"replies":[{"embeddable":true,"href":"https:\/\/www.mpal.mp.br\/index.php?rest_route=%2Fwp%2Fv2%2Fcomments&post=13477"}],"version-history":[{"count":2,"href":"https:\/\/www.mpal.mp.br\/index.php?rest_route=\/wp\/v2\/posts\/13477\/revisions"}],"predecessor-version":[{"id":13479,"href":"https:\/\/www.mpal.mp.br\/index.php?rest_route=\/wp\/v2\/posts\/13477\/revisions\/13479"}],"wp:featuredmedia":[{"embeddable":true,"href":"https:\/\/www.mpal.mp.br\/index.php?rest_route=\/wp\/v2\/media\/3993"}],"wp:attachment":[{"href":"https:\/\/www.mpal.mp.br\/index.php?rest_route=%2Fwp%2Fv2%2Fmedia&parent=13477"}],"wp:term":[{"taxonomy":"category","embeddable":true,"href":"https:\/\/www.mpal.mp.br\/index.php?rest_route=%2Fwp%2Fv2%2Fcategories&post=13477"},{"taxonomy":"post_tag","embeddable":true,"href":"https:\/\/www.mpal.mp.br\/index.php?rest_route=%2Fwp%2Fv2%2Ftags&post=13477"}],"curies":[{"name":"wp","href":"https:\/\/api.w.org\/{rel}","templated":true}]}}