{"id":13473,"date":"2015-11-04T10:37:08","date_gmt":"2015-11-04T12:37:08","guid":{"rendered":"https:\/\/www.mpal.mp.br\/?p=13473"},"modified":"2022-07-25T10:41:36","modified_gmt":"2022-07-25T13:41:36","slug":"oficina-aborda-atuacao-conjunta-do-mp-e-cgu-no-combate-a-corrupcao","status":"publish","type":"post","link":"https:\/\/www.mpal.mp.br\/?p=13473","title":{"rendered":"Oficina aborda atua\u00e7\u00e3o conjunta do MP e CGU no combate \u00e0 corrup\u00e7\u00e3o"},"content":{"rendered":"<p style=\"text-align: justify;\"><span style=\"font-size: 14pt;\">O procurador-Geral de Justi\u00e7a S\u00e9rgio Juc\u00e1, convida os membros do Minist\u00e9rio P\u00fablico do Estado de Alagoas para participarem, nesta sexta-feira (06\/11), das 8h \u00e0s 12h e das 14h \u00e0s 17h, da Oficina &#8220;Atua\u00e7\u00e3o Conjunta do Minist\u00e9rio P\u00fablico e Controladoria Geral da Uni\u00e3o no combate \u00e0 corrup\u00e7\u00e3o e T\u00e9cnicas de detec\u00e7\u00e3o e preven\u00e7\u00e3o de fraudes: estudo de casos&#8221;, que est\u00e1 sendo promovida em parceria com a Associa\u00e7\u00e3o do Minist\u00e9rio P\u00fablico (Ampal). Conforme a Portaria PGJ n\u00ba. 1083, de 04 de novembro de 2015, os promotores e procuradores presentes \u00e0 oficina ser\u00e3o dispensados de suas atividades.<\/span><\/p>\n<p style=\"text-align: justify;\"><span style=\"font-size: 14pt;\">De acordo com o presidente da Ampal, Eduardo Tavares Mendes, o procurador-geral de Justi\u00e7a S\u00e9rgio Juca, diante da import\u00e2ncia do tema, tomou essa iniciativa de publicar a referida portaria.<\/span><\/p>\n<p style=\"text-align: justify;\"><span style=\"font-size: 14pt;\">&#8220;O tema \u00e9 de extrema import\u00e2ncia para os que integram o Minist\u00e9rio P\u00fablico, pois diariamente lutam para combater esse mal danoso, essa erva daninha da nossa sociedade que se chama: corrup\u00e7\u00e3o&#8221;, destacou o gestor da associa\u00e7\u00e3o.<\/span><\/p>\n<p style=\"text-align: justify;\"><span style=\"font-size: 14pt;\">Ser\u00e3o palestrantes da oficina o promotor de Justi\u00e7a de Para\u00edba, Rafael Lima Linhares, que integra o Grupo de Atua\u00e7\u00e3o Especial de Combate ao Crime Organizado (Gaeco); o analista financeiro, que \u00e9 chefe da Controladoria Geral da Uni\u00e3o em Alagoas(CGU), Jos\u00e9 William Gomes, e o coordenador do N\u00facleo de A\u00e7\u00f5es Especiais da CGU-AL, Francisco C\u00e9sar Nascimento Belarmino<\/span><\/p>\n<p style=\"text-align: justify;\"><span style=\"font-size: 14pt;\">O evento que ocorrer\u00e1 no audit\u00f3rio da Procuradoria Geral de Justi\u00e7a foi organizado pela diretora cultural da Ampal, Sandra Malta Prata Lima, que percebeu a necessidade de ser debatido o tema e estudado casos para facilitar a atua\u00e7\u00e3o dos membros do Minist\u00e9rio P\u00fablico.<\/span><\/p>\n<p style=\"text-align: justify;\"><span style=\"font-size: 14pt;\">\u201cPara combater os mais variados crimes de corrup\u00e7\u00e3o, precisamos estar cada dia mais atualizados. A troca de informa\u00e7\u00f5es entre os membros e \u00f3rg\u00e3os que atuam com a mesma finalidade, bem como o estudo de casos s\u00e3o fundamentais para uma atua\u00e7\u00e3o ainda mais eficiente\u201d, explanou a promotora.<\/span><\/p>\n<p style=\"text-align: justify;\"><span style=\"font-size: 14pt;\">A Escola Superior do Minist\u00e9rio P\u00fablico (ESMP) emitir\u00e1 certificados para os membros que participarem da oficina.<\/span><\/p>\n","protected":false},"excerpt":{"rendered":"<p> [&hellip;]<\/p>\n","protected":false},"author":4,"featured_media":13474,"comment_status":"open","ping_status":"open","sticky":false,"template":"","format":"standard","meta":{"om_disable_all_campaigns":false,"_monsterinsights_skip_tracking":false,"_monsterinsights_sitenote_active":false,"_monsterinsights_sitenote_note":"","_monsterinsights_sitenote_category":0,"_uf_show_specific_survey":0,"_uf_disable_surveys":false,"footnotes":""},"categories":[19,2],"tags":[],"class_list":["post-13473","post","type-post","status-publish","format-standard","has-post-thumbnail","hentry","category-not_esmp","category-not_mpal"],"aioseo_notices":[],"_links":{"self":[{"href":"https:\/\/www.mpal.mp.br\/index.php?rest_route=\/wp\/v2\/posts\/13473","targetHints":{"allow":["GET"]}}],"collection":[{"href":"https:\/\/www.mpal.mp.br\/index.php?rest_route=\/wp\/v2\/posts"}],"about":[{"href":"https:\/\/www.mpal.mp.br\/index.php?rest_route=\/wp\/v2\/types\/post"}],"author":[{"embeddable":true,"href":"https:\/\/www.mpal.mp.br\/index.php?rest_route=\/wp\/v2\/users\/4"}],"replies":[{"embeddable":true,"href":"https:\/\/www.mpal.mp.br\/index.php?rest_route=%2Fwp%2Fv2%2Fcomments&post=13473"}],"version-history":[{"count":1,"href":"https:\/\/www.mpal.mp.br\/index.php?rest_route=\/wp\/v2\/posts\/13473\/revisions"}],"predecessor-version":[{"id":13475,"href":"https:\/\/www.mpal.mp.br\/index.php?rest_route=\/wp\/v2\/posts\/13473\/revisions\/13475"}],"wp:featuredmedia":[{"embeddable":true,"href":"https:\/\/www.mpal.mp.br\/index.php?rest_route=\/wp\/v2\/media\/13474"}],"wp:attachment":[{"href":"https:\/\/www.mpal.mp.br\/index.php?rest_route=%2Fwp%2Fv2%2Fmedia&parent=13473"}],"wp:term":[{"taxonomy":"category","embeddable":true,"href":"https:\/\/www.mpal.mp.br\/index.php?rest_route=%2Fwp%2Fv2%2Fcategories&post=13473"},{"taxonomy":"post_tag","embeddable":true,"href":"https:\/\/www.mpal.mp.br\/index.php?rest_route=%2Fwp%2Fv2%2Ftags&post=13473"}],"curies":[{"name":"wp","href":"https:\/\/api.w.org\/{rel}","templated":true}]}}