{"id":13469,"date":"2015-11-12T10:26:18","date_gmt":"2015-11-12T12:26:18","guid":{"rendered":"https:\/\/www.mpal.mp.br\/?p=13469"},"modified":"2022-07-25T10:36:51","modified_gmt":"2022-07-25T13:36:51","slug":"com-apoio-da-pgj-e-esmp-ampal-promove-ciclo-de-palestras-e-debate-sobre-direito-penal-e-processo-penal","status":"publish","type":"post","link":"https:\/\/www.mpal.mp.br\/?p=13469","title":{"rendered":"Com apoio da PGJ e ESMP, Ampal promove ciclo de palestras e debate sobre Direito Penal e Processo Penal"},"content":{"rendered":"<p style=\"text-align: justify;\"><span style=\"font-size: 14pt;\">A capacidade de dividir opini\u00f5es em assuntos pol\u00eamicos faz do Direito Penal um dos campos mais fascinantes da Ci\u00eancia Jur\u00eddica. Com atua\u00e7\u00e3o cotidiana na \u00e1rea, o Minist\u00e9rio P\u00fablico do Estado de Alagoas n\u00e3o foge \u00e0 reflex\u00e3o e inicia, no dia 30 de novembro, o \u201cCiclo de Palestas e Debate sobre Direito Penal e Processo Penal\u201d. O evento \u00e9 mais uma promo\u00e7\u00e3o conjunta da Procuradoria Geral de Justi\u00e7a, Escola Superior do Minist\u00e9rio P\u00fablico (ESMP) e Associa\u00e7\u00e3o do Minist\u00e9rio P\u00fablico do Estado de Alagoas (Ampal).<\/span><\/p>\n<p style=\"text-align: justify;\"><span style=\"font-size: 14pt;\">No primeiro debate, o ciclo ter\u00e1 como convidados autoridades que atuam no Direito Penal e Processual Penal tanto no \u00e2mbito acad\u00eamico, quanto profissional. \u00c9 o caso do promotor de Justi\u00e7a Maur\u00edcio Andr\u00e9 Barros Pitta, que abordar\u00e1 os limites da maioridade penal; do promotor de Justi\u00e7a aposentado Alfredo de Oliveria Silva, que falar\u00e1 sobre aspectos pol\u00eamicos das organiza\u00e7\u00f5es criminosas; e da promotora de Justi\u00e7a Karla Padilha, que trar\u00e1 para o p\u00fablico a problematiza\u00e7\u00e3o do combate \u00e0 corrup\u00e7\u00e3o.<\/span><\/p>\n<p style=\"text-align: justify;\"><span style=\"font-size: 14pt;\">Como mediadora do debate, os realizadores do evento trazem a promotora de Justi\u00e7a Miry\u00e3 Tavares Pinto Cardoso Ferro, titular da 54\u00aa Promotoria de Justi\u00e7a da Capital. Ela atua em feitos criminais em geral perante as 2\u00aa, 3\u00aa, 4\u00aa, 5\u00aa e 6\u00aa Varas Criminais da Capital.<\/span><\/p>\n<p style=\"text-align: justify;\"><span style=\"font-size: 14pt;\">\u201cEsses ciclos de palestras, oficinas, semin\u00e1rios, pequenos cursos e atividades que ora a Ampal desenvolve em parceria com a Escola, ora esta em parceria com aquela, s\u00e3o extremamente importantes, ainda mais com o apoio irrestrito do procurador-geral de Justi\u00e7a, S\u00e9rgio Juc\u00e1. Um aspecto que merece destaque \u00e9 o fato de contarmos com uma prata da casa de excelente qualidade humana e intelectual, sobretudo na \u00e1rea de letras jur\u00eddicas\u201d, disse o diretor da ESMP e presidente da Ampal, procurador de Justi\u00e7a Eduardo Tavares Mendes.<\/span><\/p>\n<p style=\"text-align: justify;\"><span style=\"font-size: 14pt;\">\u201cOs colegas, professores, mestres e doutores Karla Padilha, Alfredo Oliveira e Maur\u00edcio Pitta v\u00e3o nos brindar com a abordagem de temas t\u00e3o palpitantes no campo do Direito Criminal. S\u00e3o joias muito raras que temos orgulho de t\u00ea-las entre n\u00f3s. Aproveito para parabenizar a colega Sandra Malta e todos os diretores da nossa entidade de classe bem como os diretores e servidores da ESMP\u201d, completou.<\/span><\/p>\n<p style=\"text-align: justify;\"><span style=\"font-size: 14pt;\">O evento ter\u00e1 in\u00edcio \u00e0s 8h, no audit\u00f3rio Edgar Valente de Lima Filho, no pr\u00e9dio-sede da Procuradoria Geral de Justi\u00e7a, que fica na Rua Dr. Pedro Jorge Melo e Silva, 79, Po\u00e7o. Para se inscrever, o p\u00fablico deve enviar um e-mail a\u00a0<a href=\"mailto:esmp@mpal.mp.br\">esmp@mpal.mp.br<\/a>\u00a0com nome, n\u00famero de telefone, e-mail, fun\u00e7\u00e3o e institui\u00e7\u00e3o. Contato para mais informa\u00e7\u00f5es: (82) 2122-3702.<\/span><\/p>\n","protected":false},"excerpt":{"rendered":"<p> [&hellip;]<\/p>\n","protected":false},"author":4,"featured_media":13471,"comment_status":"open","ping_status":"open","sticky":false,"template":"","format":"standard","meta":{"om_disable_all_campaigns":false,"_monsterinsights_skip_tracking":false,"_monsterinsights_sitenote_active":false,"_monsterinsights_sitenote_note":"","_monsterinsights_sitenote_category":0,"_uf_show_specific_survey":0,"_uf_disable_surveys":false,"footnotes":""},"categories":[19,2],"tags":[],"class_list":["post-13469","post","type-post","status-publish","format-standard","has-post-thumbnail","hentry","category-not_esmp","category-not_mpal"],"aioseo_notices":[],"_links":{"self":[{"href":"https:\/\/www.mpal.mp.br\/index.php?rest_route=\/wp\/v2\/posts\/13469","targetHints":{"allow":["GET"]}}],"collection":[{"href":"https:\/\/www.mpal.mp.br\/index.php?rest_route=\/wp\/v2\/posts"}],"about":[{"href":"https:\/\/www.mpal.mp.br\/index.php?rest_route=\/wp\/v2\/types\/post"}],"author":[{"embeddable":true,"href":"https:\/\/www.mpal.mp.br\/index.php?rest_route=\/wp\/v2\/users\/4"}],"replies":[{"embeddable":true,"href":"https:\/\/www.mpal.mp.br\/index.php?rest_route=%2Fwp%2Fv2%2Fcomments&post=13469"}],"version-history":[{"count":1,"href":"https:\/\/www.mpal.mp.br\/index.php?rest_route=\/wp\/v2\/posts\/13469\/revisions"}],"predecessor-version":[{"id":13472,"href":"https:\/\/www.mpal.mp.br\/index.php?rest_route=\/wp\/v2\/posts\/13469\/revisions\/13472"}],"wp:featuredmedia":[{"embeddable":true,"href":"https:\/\/www.mpal.mp.br\/index.php?rest_route=\/wp\/v2\/media\/13471"}],"wp:attachment":[{"href":"https:\/\/www.mpal.mp.br\/index.php?rest_route=%2Fwp%2Fv2%2Fmedia&parent=13469"}],"wp:term":[{"taxonomy":"category","embeddable":true,"href":"https:\/\/www.mpal.mp.br\/index.php?rest_route=%2Fwp%2Fv2%2Fcategories&post=13469"},{"taxonomy":"post_tag","embeddable":true,"href":"https:\/\/www.mpal.mp.br\/index.php?rest_route=%2Fwp%2Fv2%2Ftags&post=13469"}],"curies":[{"name":"wp","href":"https:\/\/api.w.org\/{rel}","templated":true}]}}