{"id":13463,"date":"2016-02-24T10:02:52","date_gmt":"2016-02-24T13:02:52","guid":{"rendered":"https:\/\/www.mpal.mp.br\/?p=13463"},"modified":"2022-07-25T10:16:33","modified_gmt":"2022-07-25T13:16:33","slug":"esmp-pgj-e-ampal-promovem-i-ciclo-de-palestras-de-direito-eleitoral","status":"publish","type":"post","link":"https:\/\/www.mpal.mp.br\/?p=13463","title":{"rendered":"ESMP, PGJ e Ampal promovem I Ciclo de Palestras de Direito Eleitoral"},"content":{"rendered":"<p style=\"text-align: justify;\"><span style=\"font-size: 14pt;\">As atividades de forma\u00e7\u00e3o e atualiza\u00e7\u00e3o de membros e servidores promovidas pela Escola Superior do Minist\u00e9rio P\u00fablico do Estado de Alagoas (ESMP\/AL) est\u00e3o de volta nesta sexta-feira (26), mais uma vez com o apoio da Procuradoria Geral de Justi\u00e7a e da Ampal. Na ocasi\u00e3o, ocorrer\u00e1 o \u201cI Ciclo de Palestras de Direito Eleitoral: regra geral e mudan\u00e7as\u201d, com nomes de peso do Direito.<\/span><\/p>\n<p style=\"text-align: justify;\"><span style=\"font-size: 14pt;\">Entre os palestrantes convidados, encontra-se o juiz federal da 1\u00ba Vara Federal de Alagoas, Andr\u00e9 Lu\u00eds Tobias Granja, que falar\u00e1 sobre o controle judicial do processo eleitoral. Ao seu lado, estar\u00e3o o promotor de Justi\u00e7a do Minist\u00e9rio P\u00fablico do Estado de Pernambuco, Francisco Dirceu Barros, que abordar\u00e1 os aspectos pr\u00e1ticos da propaganda pol\u00edtica, e o advogado Gustavo Ferreira, respons\u00e1vel pela an\u00e1lise sobre o registro de candidatura e as inova\u00e7\u00f5es ocorridas em 2015.<\/span><\/p>\n<p style=\"text-align: justify;\"><span style=\"font-size: 14pt;\">\u201cDiante da proximidade do per\u00edodo eleitoral e da participa\u00e7\u00e3o dos promotores de Justi\u00e7a na fiscaliza\u00e7\u00e3o das elei\u00e7\u00f5es, a Escola Superior, Procuradoria Geral de Justi\u00e7a e Ampal consideram fundamental a capacita\u00e7\u00e3o de todos os envolvidos na atua\u00e7\u00e3o ministerial. Os palestrantes possuem um grande dom\u00ednio neste ramo do direito, de modo que o evento seguramente atender\u00e1 as expectativas do p\u00fablico\u201d, destacou o procurador de Justi\u00e7a Eduardo Tavares Mendes, que atualmente \u00e9 diretor da ESMP\/AL e presidente da entidade representativa dos membros.<\/span><\/p>\n<p style=\"text-align: justify;\"><span style=\"font-size: 14pt;\">A Escola Superior j\u00e1 abriu inscri\u00e7\u00f5es para o evento. Elas podem ser feitas a partir do e-mail\u00a0<a href=\"mailto:esmp@mpal.mp.br\">esmp@mpal.mp.br<\/a>\u00a0para onde devem ser enviados os dados do participante (nome completo, fun\u00e7\u00e3o, setor e contato telef\u00f4nico). Para mais informa\u00e7\u00f5es, encontra-se dispon\u00edvel o telefone (82) 2122-3702.<\/span><\/p>\n","protected":false},"excerpt":{"rendered":"<p> [&hellip;]<\/p>\n","protected":false},"author":4,"featured_media":13464,"comment_status":"open","ping_status":"open","sticky":false,"template":"","format":"standard","meta":{"om_disable_all_campaigns":false,"_monsterinsights_skip_tracking":false,"_monsterinsights_sitenote_active":false,"_monsterinsights_sitenote_note":"","_monsterinsights_sitenote_category":0,"_uf_show_specific_survey":0,"_uf_disable_surveys":false,"footnotes":""},"categories":[19,2],"tags":[],"class_list":["post-13463","post","type-post","status-publish","format-standard","has-post-thumbnail","hentry","category-not_esmp","category-not_mpal"],"aioseo_notices":[],"_links":{"self":[{"href":"https:\/\/www.mpal.mp.br\/index.php?rest_route=\/wp\/v2\/posts\/13463","targetHints":{"allow":["GET"]}}],"collection":[{"href":"https:\/\/www.mpal.mp.br\/index.php?rest_route=\/wp\/v2\/posts"}],"about":[{"href":"https:\/\/www.mpal.mp.br\/index.php?rest_route=\/wp\/v2\/types\/post"}],"author":[{"embeddable":true,"href":"https:\/\/www.mpal.mp.br\/index.php?rest_route=\/wp\/v2\/users\/4"}],"replies":[{"embeddable":true,"href":"https:\/\/www.mpal.mp.br\/index.php?rest_route=%2Fwp%2Fv2%2Fcomments&post=13463"}],"version-history":[{"count":1,"href":"https:\/\/www.mpal.mp.br\/index.php?rest_route=\/wp\/v2\/posts\/13463\/revisions"}],"predecessor-version":[{"id":13465,"href":"https:\/\/www.mpal.mp.br\/index.php?rest_route=\/wp\/v2\/posts\/13463\/revisions\/13465"}],"wp:featuredmedia":[{"embeddable":true,"href":"https:\/\/www.mpal.mp.br\/index.php?rest_route=\/wp\/v2\/media\/13464"}],"wp:attachment":[{"href":"https:\/\/www.mpal.mp.br\/index.php?rest_route=%2Fwp%2Fv2%2Fmedia&parent=13463"}],"wp:term":[{"taxonomy":"category","embeddable":true,"href":"https:\/\/www.mpal.mp.br\/index.php?rest_route=%2Fwp%2Fv2%2Fcategories&post=13463"},{"taxonomy":"post_tag","embeddable":true,"href":"https:\/\/www.mpal.mp.br\/index.php?rest_route=%2Fwp%2Fv2%2Ftags&post=13463"}],"curies":[{"name":"wp","href":"https:\/\/api.w.org\/{rel}","templated":true}]}}