{"id":13460,"date":"2016-04-27T09:58:02","date_gmt":"2016-04-27T12:58:02","guid":{"rendered":"https:\/\/www.mpal.mp.br\/?p=13460"},"modified":"2022-07-25T10:02:34","modified_gmt":"2022-07-25T13:02:34","slug":"pgj-esmp-e-ampal-realizam-2o-ciclo-de-palestras-sobre-direito-processual-civil-nesta-sexta-feira","status":"publish","type":"post","link":"https:\/\/www.mpal.mp.br\/?p=13460","title":{"rendered":"PGJ, ESMP e AMPAL realizam 2\u00ba Ciclo de Palestras sobre Direito Processual Civil nesta sexta-feira"},"content":{"rendered":"<p style=\"text-align: justify;\"><span style=\"font-size: 14pt;\">O Novo C\u00f3digo do Processo Civil est\u00e1 em vigor desde o dia 18 de mar\u00e7o e traz mudan\u00e7as importantes. Por isso, a Procuradoria Geral de Justi\u00e7a, por meio da Escola Superior do Minist\u00e9rio P\u00fablico e, em parceria com a Associa\u00e7\u00e3o do Minist\u00e9rio P\u00fablico de Alagoas (Ampal) realizam na pr\u00f3xima sexta-feira (29), \u00e0s 9h, o 2\u00ba Ciclo de Palestras de Direito Processual Civil.<\/span><\/p>\n<p style=\"text-align: justify;\"><span style=\"font-size: 14pt;\">Nessa etapa, ser\u00e3o realizadas duas palestras. A primeira ser\u00e1 sobre &#8220;O Novo CPC e os juizados &#8211; O MP nesse contexto&#8221;, que ser\u00e1 ministrada pelo Juiz Federal Titular da 6\u00aa Vara de Alagoas, que \u00e9 Meste em Direito pela Universidade Federal de Alagoas e professor de P\u00f3s-Gradua\u00e7\u00e3o do CESMAC.<\/span><\/p>\n<p style=\"text-align: justify;\"><span style=\"font-size: 14pt;\">J\u00e1 a segunda palestra ser\u00e1 sobre a &#8220;Interven\u00e7\u00e3o do Amicus Curiae de personalidade jur\u00eddica dentro da atua\u00e7\u00e3o do MP&#8221;. Diego Carvalho Teixeira, que \u00e9 mestre em Direito P\u00fablico pela Universidade Federal de Alagoas (UFAL), advogado e professor universit\u00e1rio em diversas institui\u00e7\u00f5es de ensino no Estado, ser\u00e1 o palestrante desse tema.<\/span><\/p>\n<p style=\"text-align: justify;\"><span style=\"font-size: 14pt;\">Esse ciclo possibilitar\u00e1, de acordo com os palestrantes, o surgimento de uma s\u00e9rie de questionamentos e esclarecimentos durante a palestra. Ambos, v\u00e3o expor artigos do novo CPC e analis\u00e1-los de forma comparativa com o anterior, tendo como foco as mudan\u00e7as propostas e realizadas e as influ\u00eancias delas na atua\u00e7\u00e3o do MP.<\/span><\/p>\n<p style=\"text-align: justify;\"><span style=\"font-size: 14pt;\">\u201cA mudan\u00e7a foi necess\u00e1ria para atender as atuais necessidades de uma sociedade que passou e passa por uma profunda transforma\u00e7\u00e3o. No entanto, \u00e9 claro que diversos questionamentos v\u00eam sendo gerados, mas houve mudan\u00e7as significativas e positivas. Outras coisas podiam ter sido modificadas ou algumas mudan\u00e7as poderiam ser mais expressivas ou de outra forma, refletimos que sim, mas a maioria entende que um grande passo foi dado\u201d, argumentou o palestrante Diego Carvalho.<\/span><\/p>\n<p style=\"text-align: justify;\"><span style=\"font-size: 14pt;\">O evento que disponibiliza tamb\u00e9m vagas para estudantes do curso de Direito, ocorrer\u00e1 no audit\u00f3rio do pr\u00e9dio-sede do Minist\u00e9rio P\u00fablico de Alagoas. Os interessados devem enviar email para a ESMP (\u00a0\u00a0<a href=\"mailto:esmp@mpal.mp.br\">esmp@mpal.mp.br<\/a>). Informa\u00e7\u00f5es podem ser obtidas pelo (82) 2122-3594\/ 2122-3702.<\/span><\/p>\n<p style=\"text-align: justify;\">\n","protected":false},"excerpt":{"rendered":"<p> [&hellip;]<\/p>\n","protected":false},"author":4,"featured_media":2857,"comment_status":"open","ping_status":"open","sticky":false,"template":"","format":"standard","meta":{"om_disable_all_campaigns":false,"_monsterinsights_skip_tracking":false,"_monsterinsights_sitenote_active":false,"_monsterinsights_sitenote_note":"","_monsterinsights_sitenote_category":0,"_uf_show_specific_survey":0,"_uf_disable_surveys":false,"footnotes":""},"categories":[19,2],"tags":[],"class_list":["post-13460","post","type-post","status-publish","format-standard","has-post-thumbnail","hentry","category-not_esmp","category-not_mpal"],"aioseo_notices":[],"_links":{"self":[{"href":"https:\/\/www.mpal.mp.br\/index.php?rest_route=\/wp\/v2\/posts\/13460","targetHints":{"allow":["GET"]}}],"collection":[{"href":"https:\/\/www.mpal.mp.br\/index.php?rest_route=\/wp\/v2\/posts"}],"about":[{"href":"https:\/\/www.mpal.mp.br\/index.php?rest_route=\/wp\/v2\/types\/post"}],"author":[{"embeddable":true,"href":"https:\/\/www.mpal.mp.br\/index.php?rest_route=\/wp\/v2\/users\/4"}],"replies":[{"embeddable":true,"href":"https:\/\/www.mpal.mp.br\/index.php?rest_route=%2Fwp%2Fv2%2Fcomments&post=13460"}],"version-history":[{"count":2,"href":"https:\/\/www.mpal.mp.br\/index.php?rest_route=\/wp\/v2\/posts\/13460\/revisions"}],"predecessor-version":[{"id":13462,"href":"https:\/\/www.mpal.mp.br\/index.php?rest_route=\/wp\/v2\/posts\/13460\/revisions\/13462"}],"wp:featuredmedia":[{"embeddable":true,"href":"https:\/\/www.mpal.mp.br\/index.php?rest_route=\/wp\/v2\/media\/2857"}],"wp:attachment":[{"href":"https:\/\/www.mpal.mp.br\/index.php?rest_route=%2Fwp%2Fv2%2Fmedia&parent=13460"}],"wp:term":[{"taxonomy":"category","embeddable":true,"href":"https:\/\/www.mpal.mp.br\/index.php?rest_route=%2Fwp%2Fv2%2Fcategories&post=13460"},{"taxonomy":"post_tag","embeddable":true,"href":"https:\/\/www.mpal.mp.br\/index.php?rest_route=%2Fwp%2Fv2%2Ftags&post=13460"}],"curies":[{"name":"wp","href":"https:\/\/api.w.org\/{rel}","templated":true}]}}