{"id":13457,"date":"2016-04-29T09:52:57","date_gmt":"2016-04-29T12:52:57","guid":{"rendered":"https:\/\/www.mpal.mp.br\/?p=13457"},"modified":"2022-07-25T09:57:56","modified_gmt":"2022-07-25T12:57:56","slug":"promotores-e-procuradores-participam-do-2o-ciclo-de-palestras-de-direito-processual-civil","status":"publish","type":"post","link":"https:\/\/www.mpal.mp.br\/?p=13457","title":{"rendered":"Promotores e procuradores participam do 2\u00ba Ciclo de Palestras de Direito Processual Civil"},"content":{"rendered":"<p style=\"text-align: justify;\"><span style=\"font-size: 14pt;\">Aconteceu durante toda a manh\u00e3 desta sexta-feira (29), no audit\u00f3rio do pr\u00e9dio-sede do Minist\u00e9rio P\u00fablico Estadual de Alagoas (MPE\/AL), o 2\u00ba Ciclo de Palestras de Direito Processual Civil. A atividade, uma iniciativa da Escola Superior do Minist\u00e9rio P\u00fablico e, em parceria com a Associa\u00e7\u00e3o do Minist\u00e9rio P\u00fablico de Alagoas (Ampal), recebeu palestras do juiz Gustavo Mendon\u00e7a e do advogado Diego Carvalho Teixeira.<\/span><\/p>\n<p style=\"text-align: justify;\"><span style=\"font-size: 14pt;\">A primeira palestra teve como tema &#8220;O novo CPC e os juizados &#8211; O MP nesse contexto&#8221; e foi ministrada pelo juiz federal da 6\u00aa Vara, mestre em Direito pela Universidade Federal de Alagoas e professor de p\u00f3s-gradua\u00e7\u00e3o do Cesmac, Gustavo Mendon\u00e7a. \u201cTrabalhar nos juizados nos dar uma satisfa\u00e7\u00e3o especial porque s\u00e3o neles que n\u00f3s percebemos uma aproxima\u00e7\u00e3o maior da sistema da Justi\u00e7a com a sociedade e, exatamente por isso, \u00e9 t\u00e3o importante que conhe\u00e7amos toda a legisla\u00e7\u00e3o que os envolve\u201d, disse.<\/span><\/p>\n<p style=\"text-align: justify;\"><span style=\"font-size: 14pt;\">E como o assunto tratou do novo C\u00f3digo de Processo Civil, o magistrado explicou que as regras que passaram a valer a partir do dia 18 de mar\u00e7o passado n\u00e3o fizeram muitas altera\u00e7\u00f5es na legisla\u00e7\u00e3o que diz respeito aos juizados especiais. \u201cNa verdade, ele faz mais refer\u00eancias gerais. Por\u00e9m, h\u00e1 duas modifica\u00e7\u00f5es que temos que saber, uma que faz refer\u00eancia aos embargos de declara\u00e7\u00e3o e, a outra, que trata da manuten\u00e7\u00e3o da compet\u00eancia para o rito sumar\u00edssimo. Nesse \u00faltimo caso, o objetivo maior foi uniformizar os pressupostos de cabimento para os embargos e subsistemas nos juizados\u201d, explicou ele.<\/span><\/p>\n<p style=\"text-align: justify;\"><span style=\"font-size: 14pt;\"><strong>A 2\u00aa palestra<\/strong><\/span><\/p>\n<p style=\"text-align: justify;\"><span style=\"font-size: 14pt;\">Coube ao advogado Diego Carvalho Teixeira, mestre em Direito P\u00fablico pela Universidade Federal de Alagoas e professor universit\u00e1rio em diversas institui\u00e7\u00f5es de ensino, falar sobre a &#8220;Interven\u00e7\u00e3o do Amicus Curiae de personalidade jur\u00eddica dentro da atua\u00e7\u00e3o do MP&#8221;.<\/span><\/p>\n<p style=\"text-align: justify;\"><span style=\"font-size: 14pt;\">\u201cEsse momento de hoje foi imprescind\u00edvel para que pud\u00e9ssemos atualizar o quadro de membros do Minist\u00e9rio P\u00fablico com rela\u00e7\u00e3o ao novo C\u00f3digo, uma vez que existem v\u00e1rias inova\u00e7\u00f5es e mudan\u00e7as que influenciam diretamente no exerc\u00edcio do importante papel dessa institui\u00e7\u00e3o\u201d, declarou Diego Carvalho Teixeira.<\/span><\/p>\n<p style=\"text-align: justify;\"><span style=\"font-size: 14pt;\">\u201cTemos que estar sempre em busca de atualiza\u00e7\u00e3o, de novos conhecimentos. Na manh\u00e3 desta sexta-feira pudemos receber mais conhecimento sobre os princ\u00edpios reinantes do novo C\u00f3digo e vamos utiliz\u00e1-los nas nossas atividades funcionais\u201d, garantiu o procurador-geral de Justi\u00e7a, S\u00e9rgio Juc\u00e1.<\/span><\/p>\n<p style=\"text-align: justify;\"><span style=\"font-size: 14pt;\">\u201cA Ampal s\u00f3 tem a agradecer a esses duas grandes personalidades do mundo jur\u00eddico alagoano e dizer que foi uma grande satisfa\u00e7\u00e3o poder aprender um pouco mais com voc\u00eas\u201d, afirmou a presidente da entidade, promotora de Justi\u00e7a Adilza In\u00e1cio de Freitas.<\/span><\/p>\n","protected":false},"excerpt":{"rendered":"<p> [&hellip;]<\/p>\n","protected":false},"author":4,"featured_media":13458,"comment_status":"open","ping_status":"open","sticky":false,"template":"","format":"standard","meta":{"om_disable_all_campaigns":false,"_monsterinsights_skip_tracking":false,"_monsterinsights_sitenote_active":false,"_monsterinsights_sitenote_note":"","_monsterinsights_sitenote_category":0,"_uf_show_specific_survey":0,"_uf_disable_surveys":false,"footnotes":""},"categories":[19,2],"tags":[],"class_list":["post-13457","post","type-post","status-publish","format-standard","has-post-thumbnail","hentry","category-not_esmp","category-not_mpal"],"aioseo_notices":[],"_links":{"self":[{"href":"https:\/\/www.mpal.mp.br\/index.php?rest_route=\/wp\/v2\/posts\/13457","targetHints":{"allow":["GET"]}}],"collection":[{"href":"https:\/\/www.mpal.mp.br\/index.php?rest_route=\/wp\/v2\/posts"}],"about":[{"href":"https:\/\/www.mpal.mp.br\/index.php?rest_route=\/wp\/v2\/types\/post"}],"author":[{"embeddable":true,"href":"https:\/\/www.mpal.mp.br\/index.php?rest_route=\/wp\/v2\/users\/4"}],"replies":[{"embeddable":true,"href":"https:\/\/www.mpal.mp.br\/index.php?rest_route=%2Fwp%2Fv2%2Fcomments&post=13457"}],"version-history":[{"count":1,"href":"https:\/\/www.mpal.mp.br\/index.php?rest_route=\/wp\/v2\/posts\/13457\/revisions"}],"predecessor-version":[{"id":13459,"href":"https:\/\/www.mpal.mp.br\/index.php?rest_route=\/wp\/v2\/posts\/13457\/revisions\/13459"}],"wp:featuredmedia":[{"embeddable":true,"href":"https:\/\/www.mpal.mp.br\/index.php?rest_route=\/wp\/v2\/media\/13458"}],"wp:attachment":[{"href":"https:\/\/www.mpal.mp.br\/index.php?rest_route=%2Fwp%2Fv2%2Fmedia&parent=13457"}],"wp:term":[{"taxonomy":"category","embeddable":true,"href":"https:\/\/www.mpal.mp.br\/index.php?rest_route=%2Fwp%2Fv2%2Fcategories&post=13457"},{"taxonomy":"post_tag","embeddable":true,"href":"https:\/\/www.mpal.mp.br\/index.php?rest_route=%2Fwp%2Fv2%2Ftags&post=13457"}],"curies":[{"name":"wp","href":"https:\/\/api.w.org\/{rel}","templated":true}]}}