{"id":13439,"date":"2015-12-17T09:35:24","date_gmt":"2015-12-17T11:35:24","guid":{"rendered":"https:\/\/www.mpal.mp.br\/?p=13439"},"modified":"2022-07-25T09:36:28","modified_gmt":"2022-07-25T12:36:28","slug":"nucleo-de-defesa-do-patrimonio-publico-do-mpe-al-coordena-fiscalizacao-integrada-em-nove-municipios-para-garantir-uso-de-precatorios-na-educacao","status":"publish","type":"post","link":"https:\/\/www.mpal.mp.br\/?p=13439","title":{"rendered":"N\u00facleo de Defesa do Patrim\u00f4nio P\u00fablico do MPE\/AL coordena fiscaliza\u00e7\u00e3o integrada em nove munic\u00edpios para garantir uso de precat\u00f3rios na educa\u00e7\u00e3o"},"content":{"rendered":"<div class=\"content-wrapper-1\">\n<div class=\"content-wrapper-2\">\n<div id=\"mainmiddle\">\n<div id=\"mainmiddle-expand\">\n<div id=\"content\">\n<div id=\"content-shift\">\n<div class=\"floatbox\">\n<div class=\"joomla \">\n<div class=\"article\">\n<div id=\"articlepxfontsize1\">\n<p style=\"text-align: justify;\" align=\"JUSTIFY\"><span style=\"font-size: 14pt;\">Em a\u00e7\u00e3o coordenada pelo N\u00facleo de Defesa do Patrim\u00f4nio P\u00fablico do Minist\u00e9rio P\u00fablico do Estado de Alagoas (MPE\/AL), nove Promotorias de Justi\u00e7a oficializaram, nesta quinta-feira (17), procedimentos para apurar poss\u00edvel desvio de finalidade na realiza\u00e7\u00e3o de despesas com os recursos decorrentes do recebimento de precat\u00f3rio do antigo Fundo de Manuten\u00e7\u00e3o e Desenvolvimento do Ensino Fundamental e de Valoriza\u00e7\u00e3o do Magist\u00e9rio (FUNDEF) ainda em 2015. As portarias com a oficializa\u00e7\u00e3o das medidas foram publicadas no Di\u00e1rio Oficial do Estado.<\/span><\/p>\n<p style=\"text-align: justify;\" align=\"JUSTIFY\"><span style=\"font-size: 14pt;\">O MPE\/AL acompanha o uso dos recursos obtidos pelos Munic\u00edpios de Fleixeiras, Traipu, Feira Grande, Arapiraca, Olho D&#8217;\u00e1gua das Flores, Teot\u00f4nio Vilela, Col\u00f4nia Leopoldina, Mata Grande e Boca da Mata em decis\u00f5es judiciais recentes. Eles se referem ao pagamento de diferen\u00e7as do valor m\u00ednimo por aluno destinado para a educa\u00e7\u00e3o fundamental (VMAA), a t\u00edtulo de complementa\u00e7\u00e3o do FUNDEF, que foi substitu\u00eddo pelo Fundo de Manuten\u00e7\u00e3o e Desenvolvimento da Educa\u00e7\u00e3o B\u00e1sica e de Valoriza\u00e7\u00e3o dos Profissionais da Educa\u00e7\u00e3o (FUNDEB) em 2006.<\/span><\/p>\n<p style=\"text-align: justify;\" align=\"JUSTIFY\"><span style=\"font-size: 14pt;\">\u201cAl\u00e9m do Minist\u00e9rio P\u00fablico Estadual, tamb\u00e9m est\u00e3o atentos ao mau uso desses recursos os Minist\u00e9rios P\u00fablicos Federal e de Contas em Alagoas, que atuar\u00e3o, cada um, na sua respectiva \u00e1rea de compet\u00eancia. Da nossa parte, a princ\u00edpio, objetivamos adquirir informa\u00e7\u00f5es sobre o planejamento da utiliza\u00e7\u00e3o do dinheiro e da adequa\u00e7\u00e3o das respectivas despesas \u00e0s leis or\u00e7ament\u00e1rias municipais. Os promotores de Justi\u00e7a recomendaram que os prefeitos se abstenham de aplicar o dinheiro em \u00e1reas que n\u00e3o seja a educa\u00e7\u00e3o, principalmente em eventos, propaganda, repasses a C\u00e2maras Municipais, pagamento de previd\u00eancia social\u201d, destacou o coordenador do N\u00facleo de Defesa do Patrim\u00f4nio P\u00fablico, promotor de Justi\u00e7a Jos\u00e9 Carlos Castro.<\/span><\/p>\n<p style=\"text-align: justify;\" align=\"JUSTIFY\"><span style=\"font-size: 14pt;\">Nos procedimentos oficializados hoje, os membros do MPE\/AL destacaram que \u00e9 fun\u00e7\u00e3o da institui\u00e7\u00e3o zelar pelo efetivo respeito dos Poderes P\u00fablicos e dos servi\u00e7os de relev\u00e2ncia p\u00fablica aos direitos assegurados nesta Constitui\u00e7\u00e3o, promovendo as medidas necess\u00e1rias a sua garantia. Eles tamb\u00e9m requisitaram informa\u00e7\u00f5es \u00e0s Prefeituras Municipais para que elas enviem a documenta\u00e7\u00e3o referentes \u00e0 den\u00fancia a fim de otimizar a apura\u00e7\u00e3o de novos fatos correlatos e a identifica\u00e7\u00e3o de responsabilidades pelo feito.<\/span><\/p>\n<p style=\"text-align: justify;\" align=\"JUSTIFY\"><span style=\"font-size: 14pt;\"><strong>Precat\u00f3rios<\/strong><\/span><\/p>\n<p style=\"text-align: justify;\" align=\"JUSTIFY\"><span style=\"font-size: 14pt;\">Em novembro, o F\u00f3rum de Combate \u00e0 Corrup\u00e7\u00e3o em Alagoas (Focco-AL) iniciou um trabalho de fiscaliza\u00e7\u00e3o em 18 munic\u00edpios alagoanos, que receber\u00e3o, ao todo, aproximadamente R$ 440 milh\u00f5es em precat\u00f3rios em 2015 e 2016. A verba tem como origem processos na Justi\u00e7a Federal relacionados ao pagamento do antigo FUNDEF. O principal objetivo do Focco\/AL \u00e9 garantir o investimento dos recursos na educa\u00e7\u00e3o municipal, visto que o valor corresponde, em alguns casos, ao dobro ou triplo que cada Munic\u00edpio recebe anualmente.<\/span><\/p>\n<\/div>\n<\/div>\n<\/div>\n<\/div>\n<\/div>\n<\/div>\n<\/div>\n<\/div>\n<\/div>\n<\/div>\n<div class=\"content-wrapper-b1\">\n<div class=\"content-wrapper-b2\" style=\"text-align: justify;\"><\/div>\n<\/div>\n","protected":false},"excerpt":{"rendered":"<p> [&hellip;]<\/p>\n","protected":false},"author":5,"featured_media":2857,"comment_status":"open","ping_status":"open","sticky":false,"template":"","format":"standard","meta":{"om_disable_all_campaigns":false,"_monsterinsights_skip_tracking":false,"_monsterinsights_sitenote_active":false,"_monsterinsights_sitenote_note":"","_monsterinsights_sitenote_category":0,"_uf_show_specific_survey":0,"_uf_disable_surveys":false,"footnotes":""},"categories":[2],"tags":[],"class_list":["post-13439","post","type-post","status-publish","format-standard","has-post-thumbnail","hentry","category-not_mpal"],"aioseo_notices":[],"_links":{"self":[{"href":"https:\/\/www.mpal.mp.br\/index.php?rest_route=\/wp\/v2\/posts\/13439","targetHints":{"allow":["GET"]}}],"collection":[{"href":"https:\/\/www.mpal.mp.br\/index.php?rest_route=\/wp\/v2\/posts"}],"about":[{"href":"https:\/\/www.mpal.mp.br\/index.php?rest_route=\/wp\/v2\/types\/post"}],"author":[{"embeddable":true,"href":"https:\/\/www.mpal.mp.br\/index.php?rest_route=\/wp\/v2\/users\/5"}],"replies":[{"embeddable":true,"href":"https:\/\/www.mpal.mp.br\/index.php?rest_route=%2Fwp%2Fv2%2Fcomments&post=13439"}],"version-history":[{"count":1,"href":"https:\/\/www.mpal.mp.br\/index.php?rest_route=\/wp\/v2\/posts\/13439\/revisions"}],"predecessor-version":[{"id":13440,"href":"https:\/\/www.mpal.mp.br\/index.php?rest_route=\/wp\/v2\/posts\/13439\/revisions\/13440"}],"wp:featuredmedia":[{"embeddable":true,"href":"https:\/\/www.mpal.mp.br\/index.php?rest_route=\/wp\/v2\/media\/2857"}],"wp:attachment":[{"href":"https:\/\/www.mpal.mp.br\/index.php?rest_route=%2Fwp%2Fv2%2Fmedia&parent=13439"}],"wp:term":[{"taxonomy":"category","embeddable":true,"href":"https:\/\/www.mpal.mp.br\/index.php?rest_route=%2Fwp%2Fv2%2Fcategories&post=13439"},{"taxonomy":"post_tag","embeddable":true,"href":"https:\/\/www.mpal.mp.br\/index.php?rest_route=%2Fwp%2Fv2%2Ftags&post=13439"}],"curies":[{"name":"wp","href":"https:\/\/api.w.org\/{rel}","templated":true}]}}