{"id":13419,"date":"2016-06-23T09:25:48","date_gmt":"2016-06-23T12:25:48","guid":{"rendered":"https:\/\/www.mpal.mp.br\/?p=13419"},"modified":"2022-07-25T09:26:43","modified_gmt":"2022-07-25T12:26:43","slug":"atendendo-a-pedido-do-mpe-al-justica-defere-novo-pedido-de-afastamento-do-prefeito-de-vicosa-flaubert-torres-filho-por-180-dias","status":"publish","type":"post","link":"https:\/\/www.mpal.mp.br\/?p=13419","title":{"rendered":"Atendendo a pedido do MPE\/AL, Justi\u00e7a defere novo pedido de afastamento do Prefeito de Vi\u00e7osa, Flaubert Torres Filho, por 180 dias"},"content":{"rendered":"<div class=\"content-wrapper-1\">\n<div class=\"content-wrapper-2\">\n<div id=\"mainmiddle\">\n<div id=\"mainmiddle-expand\">\n<div id=\"content\">\n<div id=\"content-shift\">\n<div class=\"floatbox\">\n<div class=\"joomla \">\n<div class=\"article\">\n<div id=\"articlepxfontsize1\">\n<p style=\"text-align: justify;\"><span style=\"font-size: 14pt;\">Em a\u00e7\u00e3o conjunta, o Minist\u00e9rio P\u00fablico do Estado de Alagoas, por meio da Promotoria de Justi\u00e7a de Vi\u00e7osa e do N\u00facleo de Defesa do Patrim\u00f4nio P\u00fablico, ajuizou a\u00e7\u00e3o civil de responsabilidade por ato de improbidade administrativa com ressarcimento ao er\u00e1rio com pedido de medida liminar em desfavor do Prefeito do munic\u00edpio de Vi\u00e7osa\/AL, Flaubert Torres Filho, por efetuar compras de material de constru\u00e7\u00e3o sem o devido procedimento licitat\u00f3rio, nos anos de 2012 e 2013. J\u00e1, resultante dessa a\u00e7\u00e3o, a ju\u00edza de Direito de Vi\u00e7osa, Lorena Carla Santos Vasconcelos Sotto-Mayor, decidiu pelo afastamento cautelar dele, sem preju\u00edzo da remunera\u00e7\u00e3o, pelo prazo de 180 dias.<\/span><\/p>\n<p style=\"text-align: justify;\"><span style=\"font-size: 14pt;\">De acordo com a a\u00e7\u00e3o, a empresa Comercial Vieira, localizada em Mar Vermelho, forneceu materiais de constru\u00e7\u00e3o durante alguns anos ao munic\u00edpio de Vi\u00e7osa, por\u00e9m ela n\u00e3o recebeu o pagamento integral dessas compras realizadas, restando em d\u00e9bito o valor de cinco notas fiscais, que totalizam R$ 18.511,50, fato que motivou os propriet\u00e1rios deste estabelecimento a proproporem uma a\u00e7\u00e3o de cobran\u00e7a. A Prefeitura pagou apenas R$7657,00, do valor total da compra realizada que foi de R$ R$26.168,50.<\/span><\/p>\n<p style=\"text-align: justify;\"><span style=\"font-size: 14pt;\">\u201cO gestor municipal autorizou e determinou compra direta quando a Legisla\u00e7\u00e3o determina que deve ser realizado procedimento licitat\u00f3rio. O valor da compra supera em mais do triplo do valor autorizado por lei para dispensa de compras em geral, como tamb\u00e9m supera at\u00e9 mesmo o valor de R$ 15.000,00, que \u00e9 o valor m\u00e1ximo que a lei autoriza para dispensa de licita\u00e7\u00e3o em caso de obra ou servi\u00e7o de engenharia. Ao dispensar a licita\u00e7\u00e3o, o gestor relegou, ainda, a salutar concorr\u00eancia para eventuais interessados em contratar com a administra\u00e7\u00e3o\u201d, exp\u00f4s o Promotor de Justi\u00e7a de Vi\u00e7osa, Anderson Cl\u00e1udio Barbosa.<\/span><\/p>\n<p style=\"text-align: justify;\"><span style=\"font-size: 14pt;\">Em virtude da dispensa indevida de licita\u00e7\u00e3o, o MPE\/AL requereu que Flaubert Torres Filho seja responsabilizado pelo seu ato il\u00edcito, restituindo ao er\u00e1rio os danos causados \u00e0 Administra\u00e7\u00e3o Municipal, bem como que ele seja afastado do cargo de forma imediata pelo prazo de 180 dias, ou enquanto durar a instru\u00e7\u00e3o processual. A Ju\u00edza de Direito de Vi\u00e7osa, Lorena Carla Santos Vasconcelos Sotto-Mayor, j\u00e1 deferiu pelo pedido de afastamento, pelo prazo requerido.<\/span><\/p>\n<p style=\"text-align: justify;\"><span style=\"font-size: 14pt;\">Al\u00e9m disso, o MPE\/AL solicitou a indisponibilidade de bens e valores e que se proceda \u00e0 averba\u00e7\u00e3o de intransferibilidade dos bens, no valor de R$ R$ 26.168,50, e de que ele pague as custas e despesas processuais.<\/span><\/p>\n<p style=\"text-align: justify;\"><span style=\"font-size: 14pt;\"><strong>Afastamento<\/strong><\/span><\/p>\n<p style=\"text-align: justify;\"><span style=\"font-size: 14pt;\">Em outros tr\u00eas processos judiciais de improbidade administrativa, Flaubert Torres Filho foi afastado do cargo de forma cautelar para evitar que perturbe a instru\u00e7\u00e3o processual. Houve, ainda, o aforamento de a\u00e7\u00e3o penal pelo Procurador Geral de Justi\u00e7a em desfavor do prefeito por apropria\u00e7\u00e3o ind\u00e9bita previdenci\u00e1ria, a\u00e7\u00e3o esta que foi recebida pelo Pleno do Egr\u00e9gio Tribunal de Justi\u00e7a do Estado de Alagoas, por unanimidade, no dia 14 de junho de 2016.<\/span><\/p>\n<p style=\"text-align: justify;\"><span style=\"font-size: 14pt;\">Diante dessas in\u00fameras peculiaridades f\u00e1ticas, que s\u00e3o a exist\u00eancia de a\u00e7\u00f5es por ato de improbidade e dos fortes ind\u00edcios de utiliza\u00e7\u00e3o da m\u00e1quina administrativa para intimidar servidores e prejudicar o andamento das investiga\u00e7\u00f5es, o MPE\/AL entendeu ser necess\u00e1rio alongar o per\u00edodo de afastamento.<\/span><\/p>\n<p style=\"text-align: justify;\"><span style=\"font-size: 14pt;\">Para o \u00f3rg\u00e3o, o afastamento tempor\u00e1rio dele do cargo de Prefeito de Vi\u00e7osa \u00e9 de fundamental import\u00e2ncia tamb\u00e9m para prote\u00e7\u00e3o do er\u00e1rio, tendo em vista que, quando retornou ao cargo, ele continuou promovendo dilapida\u00e7\u00e3o e preju\u00edzos aos cofres do Munic\u00edpio de Vi\u00e7osa.<\/span><\/p>\n<p style=\"text-align: justify;\"><span style=\"font-size: 14pt;\">\u201cO calhama\u00e7o de den\u00fancias e a forma como a administra\u00e7\u00e3o p\u00fablica municipal vem relutando em dispor da documenta\u00e7\u00e3o necess\u00e1ria para o esclarecimento do fato s\u00e3o fatores que enveredam para uma conclus\u00e3o de que existem, por ora, fortes indicativos de que a presen\u00e7a do gestor no cargo que ocupa poder\u00e1 dificultar a realiza\u00e7\u00e3o de uma escorreita instru\u00e7\u00e3o processual. Os atos de improbidade administrativa demonstram a falta de zelo pela coisa p\u00fablica e que sua perman\u00eancia no cargo, al\u00e9m de colocar em risco a coleta de provas, ainda pode trazer grandes danos futuros ao er\u00e1rio\u201d, argumentou o promotor.<\/span><\/p>\n<p style=\"text-align: justify;\"><span style=\"font-size: 14pt;\">Essa a\u00e7\u00e3o tramita na Comarca de Vi\u00e7osa pelo processo de n\u00ba. 0800034-75.2016.8.02.0057<\/span><\/p>\n<\/div>\n<\/div>\n<\/div>\n<\/div>\n<\/div>\n<\/div>\n<\/div>\n<\/div>\n<\/div>\n<\/div>\n<div class=\"content-wrapper-b1\">\n<div class=\"content-wrapper-b2\" style=\"text-align: justify;\"><\/div>\n<\/div>\n","protected":false},"excerpt":{"rendered":"<p> [&hellip;]<\/p>\n","protected":false},"author":5,"featured_media":8970,"comment_status":"open","ping_status":"open","sticky":false,"template":"","format":"standard","meta":{"om_disable_all_campaigns":false,"_monsterinsights_skip_tracking":false,"_monsterinsights_sitenote_active":false,"_monsterinsights_sitenote_note":"","_monsterinsights_sitenote_category":0,"_uf_show_specific_survey":0,"_uf_disable_surveys":false,"footnotes":""},"categories":[2],"tags":[],"class_list":["post-13419","post","type-post","status-publish","format-standard","has-post-thumbnail","hentry","category-not_mpal"],"aioseo_notices":[],"_links":{"self":[{"href":"https:\/\/www.mpal.mp.br\/index.php?rest_route=\/wp\/v2\/posts\/13419","targetHints":{"allow":["GET"]}}],"collection":[{"href":"https:\/\/www.mpal.mp.br\/index.php?rest_route=\/wp\/v2\/posts"}],"about":[{"href":"https:\/\/www.mpal.mp.br\/index.php?rest_route=\/wp\/v2\/types\/post"}],"author":[{"embeddable":true,"href":"https:\/\/www.mpal.mp.br\/index.php?rest_route=\/wp\/v2\/users\/5"}],"replies":[{"embeddable":true,"href":"https:\/\/www.mpal.mp.br\/index.php?rest_route=%2Fwp%2Fv2%2Fcomments&post=13419"}],"version-history":[{"count":2,"href":"https:\/\/www.mpal.mp.br\/index.php?rest_route=\/wp\/v2\/posts\/13419\/revisions"}],"predecessor-version":[{"id":13422,"href":"https:\/\/www.mpal.mp.br\/index.php?rest_route=\/wp\/v2\/posts\/13419\/revisions\/13422"}],"wp:featuredmedia":[{"embeddable":true,"href":"https:\/\/www.mpal.mp.br\/index.php?rest_route=\/wp\/v2\/media\/8970"}],"wp:attachment":[{"href":"https:\/\/www.mpal.mp.br\/index.php?rest_route=%2Fwp%2Fv2%2Fmedia&parent=13419"}],"wp:term":[{"taxonomy":"category","embeddable":true,"href":"https:\/\/www.mpal.mp.br\/index.php?rest_route=%2Fwp%2Fv2%2Fcategories&post=13419"},{"taxonomy":"post_tag","embeddable":true,"href":"https:\/\/www.mpal.mp.br\/index.php?rest_route=%2Fwp%2Fv2%2Ftags&post=13419"}],"curies":[{"name":"wp","href":"https:\/\/api.w.org\/{rel}","templated":true}]}}