{"id":13416,"date":"2016-07-14T09:24:28","date_gmt":"2016-07-14T12:24:28","guid":{"rendered":"https:\/\/www.mpal.mp.br\/?p=13416"},"modified":"2022-07-25T09:25:22","modified_gmt":"2022-07-25T12:25:22","slug":"mpe-nao-concorda-com-moratoria-proposta-pela-assembleia-acordo-que-protelaria-a-transferencia-do-ir-devido-pela-ale-ao-tesouro-estadual-nao-e-firmado","status":"publish","type":"post","link":"https:\/\/www.mpal.mp.br\/?p=13416","title":{"rendered":"MPE n\u00e3o concorda com morat\u00f3ria proposta pela Assembleia; acordo que protelaria a transfer\u00eancia do IR devido pela ALE ao Tesouro Estadual n\u00e3o \u00e9 firmado"},"content":{"rendered":"<div class=\"content-wrapper-1\">\n<div class=\"content-wrapper-2\">\n<div id=\"mainmiddle\">\n<div id=\"mainmiddle-expand\">\n<div id=\"content\">\n<div id=\"content-shift\">\n<div class=\"floatbox\">\n<div class=\"joomla \">\n<div class=\"article\">\n<div id=\"articlepxfontsize1\">\n<p style=\"text-align: justify;\"><span style=\"font-size: 14pt;\">N\u00e3o houve acordo. Na reuni\u00e3o que aconteceu na tarde desta quinta-feira (14), na sede do Tribunal de Justi\u00e7a, o Minist\u00e9rio P\u00fablico Estadual de Alagoas (MPE\/AL) manteve seu posicionamento inicial e n\u00e3o aceitou fazer qualquer tipo de tratativa que possa beneficiar a Assembleia Legislativa (ALE) no tocante ao repasse obrigat\u00f3rio dos recursos do Imposto de Renda que devem ser destinados ao Estado. A Procuradoria Geral de Justi\u00e7a argumenta que esse \u00e9 um direito indispon\u00edvel do povo alagoano , sobre o qual n\u00e3o pode haver qualquer transa\u00e7\u00e3o.<\/span><\/p>\n<p style=\"text-align: justify;\"><span style=\"font-size: 14pt;\">O encontro foi proposto pelo desembargador Tutm\u00e9s Airan e reuniu o procurador-geral de Justi\u00e7a, S\u00e9rgio Juc\u00e1, o coordenador do N\u00facleo de Defesa do Patrim\u00f4nio P\u00fablico, promotor de Justi\u00e7a Jos\u00e9 Carlos Castro, o procurador-geral do Estado, Francisco Malaquias, o secret\u00e1rio do Gabinete Civil, F\u00e1bio Farias, o presidente da Assembleia Legislativa de Alagoas, deputado estadual Luiz Dantas, e o procurador-geral da ALE, advogado Di\u00f3genes Ten\u00f3rio J\u00fanior.<\/span><\/p>\n<p style=\"text-align: justify;\"><span style=\"font-size: 14pt;\">Na ocasi\u00e3o, a Casa de Tavares Bastos reconheceu a d\u00edvida e pediu um novo prazo para come\u00e7ar a pagar os recursos tribut\u00e1rios devidos ao Estado, comprometendo-se a iniciar o pagamento a partir de 2017. Por\u00e9m, nem o procurador-geral de Justi\u00e7a e nem o coordenador do N\u00facleo de Defesa do Patrim\u00f4nio P\u00fablico aceitaram a proposta.<\/span><\/p>\n<p style=\"text-align: justify;\"><span style=\"font-size: 14pt;\">\u201cEsses s\u00e3o recursos que pertencem ao Tesouro do Estado, recursos que a lei considera indispon\u00edveis e que deveriam estar sendo aplicados, por exemplo, nas \u00e1reas da Sa\u00fade e Educa\u00e7\u00e3o. O que est\u00e1 ocorrendo \u00e9 uma sangria inqualific\u00e1vel ao er\u00e1rio em preju\u00edzo dos interesses da sociedade. \u00c9 por isso que o Minist\u00e9rio P\u00fablico n\u00e3o vai transigir. Queremos que se restaure o imp\u00e9rio da lei violado h\u00e1 longos anos pela Assembleia Legislativa, que se apropria indebitamente dessa fortuna\u201d, argumentou S\u00e9rgio Juc\u00e1.<\/span><\/p>\n<p style=\"text-align: justify;\"><span style=\"font-size: 14pt;\">\u201cN\u00f3s n\u00e3o estamos nem tratando dos recursos dos anos anteriores que nunca foram pagos. S\u00f3 esse montante atrasado soma mais de R$ 100 milh\u00f5es entre os anos de 2010 e 2014. Isso ser\u00e1 requerido numa outra a\u00e7\u00e3o futura. O que pretendemos agora \u00e9 que aconte\u00e7a o recolhimento a partir de 2016. J\u00e1 h\u00e1 uma decis\u00e3o de 1\u00ba grau obrigando esse repasse. A Assembleia recorreu da senten\u00e7a do Ju\u00edzo da Fazenda P\u00fablica Estadual e ent\u00e3o prop\u00f4s esse acordo. Mas n\u00f3s n\u00e3o vamos aceitar\u201d, refor\u00e7ou Jos\u00e9 Carlos Castro.<\/span><\/p>\n<p style=\"text-align: justify;\"><span style=\"font-size: 14pt;\"><strong>A proposta<\/strong><\/span><\/p>\n<p style=\"text-align: justify;\"><span style=\"font-size: 14pt;\">O Poder Legislativo pediu prazo de mais de um ano para come\u00e7ar a recolher os recursos do Imposto de Renda para os cofres do Tesouro Estadual, o que, no caso da proposta ter sido aceita, ficaria a cargo da pr\u00f3xima Mesa Diretora. Ou seja, o Parlamento continuaria a descontar o IR dos servidores e deputados estaduais, mas sem repass\u00e1-lo ao Executivo.<\/span><\/p>\n<p style=\"text-align: justify;\"><span style=\"font-size: 14pt;\">Pela proposta, deste m\u00eas de julho at\u00e9 agosto de 2017 seria zero de transfer\u00eancia. A partir de setembro, a estimativa do valor mensal devido ao Estado, que gira em torno de R$ 1,7 milh\u00e3o, come\u00e7aria a ser repassada. J\u00e1 o montante compreendido entre janeiro de 2016 e agosto de 2017 seria pago em 96 parcelas, com a primeira presta\u00e7\u00e3o sendo quitada a partir de janeiro de 2018 e, a \u00faltima, em dezembro de 2020.<\/span><\/p>\n<\/div>\n<\/div>\n<\/div>\n<\/div>\n<\/div>\n<\/div>\n<\/div>\n<\/div>\n<\/div>\n<\/div>\n<div class=\"content-wrapper-b1\">\n<div class=\"content-wrapper-b2\" style=\"text-align: justify;\"><\/div>\n<\/div>\n","protected":false},"excerpt":{"rendered":"<p> [&hellip;]<\/p>\n","protected":false},"author":5,"featured_media":13417,"comment_status":"open","ping_status":"open","sticky":false,"template":"","format":"standard","meta":{"om_disable_all_campaigns":false,"_monsterinsights_skip_tracking":false,"_monsterinsights_sitenote_active":false,"_monsterinsights_sitenote_note":"","_monsterinsights_sitenote_category":0,"_uf_show_specific_survey":0,"_uf_disable_surveys":false,"footnotes":""},"categories":[2],"tags":[],"class_list":["post-13416","post","type-post","status-publish","format-standard","has-post-thumbnail","hentry","category-not_mpal"],"aioseo_notices":[],"_links":{"self":[{"href":"https:\/\/www.mpal.mp.br\/index.php?rest_route=\/wp\/v2\/posts\/13416","targetHints":{"allow":["GET"]}}],"collection":[{"href":"https:\/\/www.mpal.mp.br\/index.php?rest_route=\/wp\/v2\/posts"}],"about":[{"href":"https:\/\/www.mpal.mp.br\/index.php?rest_route=\/wp\/v2\/types\/post"}],"author":[{"embeddable":true,"href":"https:\/\/www.mpal.mp.br\/index.php?rest_route=\/wp\/v2\/users\/5"}],"replies":[{"embeddable":true,"href":"https:\/\/www.mpal.mp.br\/index.php?rest_route=%2Fwp%2Fv2%2Fcomments&post=13416"}],"version-history":[{"count":1,"href":"https:\/\/www.mpal.mp.br\/index.php?rest_route=\/wp\/v2\/posts\/13416\/revisions"}],"predecessor-version":[{"id":13418,"href":"https:\/\/www.mpal.mp.br\/index.php?rest_route=\/wp\/v2\/posts\/13416\/revisions\/13418"}],"wp:featuredmedia":[{"embeddable":true,"href":"https:\/\/www.mpal.mp.br\/index.php?rest_route=\/wp\/v2\/media\/13417"}],"wp:attachment":[{"href":"https:\/\/www.mpal.mp.br\/index.php?rest_route=%2Fwp%2Fv2%2Fmedia&parent=13416"}],"wp:term":[{"taxonomy":"category","embeddable":true,"href":"https:\/\/www.mpal.mp.br\/index.php?rest_route=%2Fwp%2Fv2%2Fcategories&post=13416"},{"taxonomy":"post_tag","embeddable":true,"href":"https:\/\/www.mpal.mp.br\/index.php?rest_route=%2Fwp%2Fv2%2Ftags&post=13416"}],"curies":[{"name":"wp","href":"https:\/\/api.w.org\/{rel}","templated":true}]}}