{"id":13415,"date":"2016-09-15T09:24:22","date_gmt":"2016-09-15T12:24:22","guid":{"rendered":"https:\/\/www.mpal.mp.br\/?p=13415"},"modified":"2022-07-25T09:31:50","modified_gmt":"2022-07-25T12:31:50","slug":"estagio-em-direito-esmp-al-define-nova-data-para-aplicacao-de-provas-objetivas","status":"publish","type":"post","link":"https:\/\/www.mpal.mp.br\/?p=13415","title":{"rendered":"Est\u00e1gio em Direito: ESMP\/AL define nova data para aplica\u00e7\u00e3o de provas objetivas"},"content":{"rendered":"<div class=\"content-wrapper-1\">\n<div class=\"content-wrapper-2\">\n<div id=\"mainmiddle\">\n<div id=\"mainmiddle-expand\">\n<div id=\"content\">\n<div id=\"content-shift\">\n<div class=\"floatbox\">\n<div class=\"joomla \">\n<div class=\"article\">\n<div id=\"articlepxfontsize1\">\n<p style=\"text-align: justify;\"><span style=\"font-size: 14pt;\">O Minist\u00e9rio P\u00fablico do Estado de Alagoas, por meio da Escola Superior (ESMP\/AL), alterou a data de aplica\u00e7\u00e3o das provas objetivas do 6\u00aa processo seletivo para provimento de vagas e forma\u00e7\u00e3o de quadro de reserva de estagi\u00e1rios da \u00e1rea de Direito da institui\u00e7\u00e3o. Elas ser\u00e3o aplicadas no pr\u00f3ximo dia 6 de novembro. A altera\u00e7\u00e3o no cronograma da sele\u00e7\u00e3o foi publicada no Di\u00e1rio Oficial do Estado desta quinta-feira, 15.<\/span><\/p>\n<p style=\"text-align: justify;\"><span style=\"font-size: 14pt;\">Com isso, tamb\u00e9m ficam alteradas as datas de apresenta\u00e7\u00e3o de recursos quanto ao gabarito das provas objetivas (7 e 8\/11); divulga\u00e7\u00e3o de resultado preliminar e de divulga\u00e7\u00e3o das decis\u00f5es sobre os recursos (18\/11); recurso quanto ao resultado preliminar (21 e 22\/11); resultado final da prova objetiva, junto \u00e0 divulga\u00e7\u00e3o das decis\u00f5es sobre os recursos quanto ao resultado preliminar; e homologa\u00e7\u00e3o do resultado final (at\u00e9 2\/12).<\/span><\/p>\n<p style=\"text-align: justify;\"><span style=\"font-size: 14pt;\">As inscri\u00e7\u00f5es j\u00e1 est\u00e3o abertas e podem ser realizadas exclusivamente no\u00a0<a href=\"http:\/\/www.agiletecnologia.inf.br\/mpal\/Edital_Selecao_Estagiarios_MPAL_2016.pdf\">site<\/a>\u00a0da Funda\u00e7\u00e3o Apol\u00f4nio Salles de Desenvolvimento Educacional (Fadurpe), no per\u00edodo de 31 de agosto a 2 de outubro de 2016.<\/span><\/p>\n<p style=\"text-align: justify;\"><span style=\"font-size: 14pt;\">Ao todo s\u00e3o 170 vagas, das quais 72 se destinam \u00e0 Capital e 87 a munic\u00edpios de outras 12 regi\u00f5es, al\u00e9m de 11 reservadas a portadores de defici\u00eancia. No momento da inscri\u00e7\u00e3o, o candidato pode optar pela cidade de lota\u00e7\u00e3o, e, no caso de Macei\u00f3, deve escolher tamb\u00e9m o turno em que ser\u00e1 realizado o est\u00e1gio.<\/span><\/p>\n<p style=\"text-align: justify;\"><span style=\"font-size: 14pt;\">Podem se inscrever qualquer estudante do curso de Direito regularmente matriculado em institui\u00e7\u00f5es de ensino superior. No entanto, para iniciar o est\u00e1gio, o acad\u00eamico deve comprovar que est\u00e1 cursando, pelo menos, o 5\u00ba per\u00edodo. O valor da taxa de inscri\u00e7\u00e3o \u00e9 de R$ 50,00, a ser pago mediante boleto banc\u00e1rio em qualquer ag\u00eancia banc\u00e1ria at\u00e9 o dia 3 de outubro.<\/span><\/p>\n<\/div>\n<\/div>\n<\/div>\n<\/div>\n<\/div>\n<\/div>\n<\/div>\n<\/div>\n<\/div>\n<\/div>\n<div class=\"content-wrapper-b1\">\n<div class=\"content-wrapper-b2\" style=\"text-align: justify;\"><\/div>\n<\/div>\n","protected":false},"excerpt":{"rendered":"<p> [&hellip;]<\/p>\n","protected":false},"author":4,"featured_media":7620,"comment_status":"open","ping_status":"open","sticky":false,"template":"","format":"standard","meta":{"om_disable_all_campaigns":false,"_monsterinsights_skip_tracking":false,"_monsterinsights_sitenote_active":false,"_monsterinsights_sitenote_note":"","_monsterinsights_sitenote_category":0,"_uf_show_specific_survey":0,"_uf_disable_surveys":false,"footnotes":""},"categories":[19,2],"tags":[],"class_list":["post-13415","post","type-post","status-publish","format-standard","has-post-thumbnail","hentry","category-not_esmp","category-not_mpal"],"aioseo_notices":[],"_links":{"self":[{"href":"https:\/\/www.mpal.mp.br\/index.php?rest_route=\/wp\/v2\/posts\/13415","targetHints":{"allow":["GET"]}}],"collection":[{"href":"https:\/\/www.mpal.mp.br\/index.php?rest_route=\/wp\/v2\/posts"}],"about":[{"href":"https:\/\/www.mpal.mp.br\/index.php?rest_route=\/wp\/v2\/types\/post"}],"author":[{"embeddable":true,"href":"https:\/\/www.mpal.mp.br\/index.php?rest_route=\/wp\/v2\/users\/4"}],"replies":[{"embeddable":true,"href":"https:\/\/www.mpal.mp.br\/index.php?rest_route=%2Fwp%2Fv2%2Fcomments&post=13415"}],"version-history":[{"count":1,"href":"https:\/\/www.mpal.mp.br\/index.php?rest_route=\/wp\/v2\/posts\/13415\/revisions"}],"predecessor-version":[{"id":13430,"href":"https:\/\/www.mpal.mp.br\/index.php?rest_route=\/wp\/v2\/posts\/13415\/revisions\/13430"}],"wp:featuredmedia":[{"embeddable":true,"href":"https:\/\/www.mpal.mp.br\/index.php?rest_route=\/wp\/v2\/media\/7620"}],"wp:attachment":[{"href":"https:\/\/www.mpal.mp.br\/index.php?rest_route=%2Fwp%2Fv2%2Fmedia&parent=13415"}],"wp:term":[{"taxonomy":"category","embeddable":true,"href":"https:\/\/www.mpal.mp.br\/index.php?rest_route=%2Fwp%2Fv2%2Fcategories&post=13415"},{"taxonomy":"post_tag","embeddable":true,"href":"https:\/\/www.mpal.mp.br\/index.php?rest_route=%2Fwp%2Fv2%2Ftags&post=13415"}],"curies":[{"name":"wp","href":"https:\/\/api.w.org\/{rel}","templated":true}]}}