{"id":13408,"date":"2016-08-09T09:21:08","date_gmt":"2016-08-09T12:21:08","guid":{"rendered":"https:\/\/www.mpal.mp.br\/?p=13408"},"modified":"2022-07-25T09:22:46","modified_gmt":"2022-07-25T12:22:46","slug":"em-evento-promovido-para-prefeitos-de-alagoas-mpe-sugere-criacao-de-lei-para-disciplinar-a-transicao-de-gestao-municipal","status":"publish","type":"post","link":"https:\/\/www.mpal.mp.br\/?p=13408","title":{"rendered":"Em evento promovido para prefeitos de Alagoas, MPE sugere cria\u00e7\u00e3o de lei para disciplinar a transi\u00e7\u00e3o de gest\u00e3o municipal"},"content":{"rendered":"<p style=\"text-align: justify;\"><span style=\"font-size: 14pt;\">O Minist\u00e9rio P\u00fablico Estadual de Alagas (MPE\/AL) participou, nesta ter\u00e7a-feira (09), na condi\u00e7\u00e3o de palestrante, do \u201c1\u00ba Ciclo de Palestras sobre Final de Mandato\u201d, promovido pela Associa\u00e7\u00e3o dos Munic\u00edpios Alagoanos (AMA). O evento teve o objetivo de conscientizar os atuais prefeitos sobre a import\u00e2ncia de cada um deles encerrar sua gest\u00e3o dentro dos princ\u00edpios constitucionais que norteiam a administra\u00e7\u00e3o p\u00fablica. E como proposta para aperfei\u00e7oar o trato com o dinheiro p\u00fablico, o Minist\u00e9rio P\u00fablico sugeriu a regulamenta\u00e7\u00e3o do processo de transi\u00e7\u00e3o, que deve ocorrer no final do mandato de um gestor e o in\u00edcio do mandato do pr\u00f3ximo prefeito de cada cidade.<\/span><\/p>\n<p style=\"text-align: justify;\"><span style=\"font-size: 14pt;\">Dando in\u00edcio ao evento, o promotor de Justi\u00e7a Jos\u00e9 Carlos Castro, coordenador do N\u00facleo de Defesa do Patrim\u00f4nio P\u00fablico do MPE\/AL, fez a primeira palestra do dia. O tema abordado por ele foi a \u201cAtua\u00e7\u00e3o Preventiva do Minist\u00e9rio P\u00fablico na Transmiss\u00e3o de Gest\u00e3o Municipal\u201d. Dentre outras coisas, Castro falou sobre a necessidade dos prefeitos criarem uma comiss\u00e3o de transi\u00e7\u00e3o, colegiado necess\u00e1rio para que a gest\u00e3o que est\u00e1 encerrando o mandato possa, paulatinamente, ir explicando ao novo chefe do Poder Executivo a real situa\u00e7\u00e3o daquele munic\u00edpio. \u201cO prefeito que est\u00e1 chegando n\u00e3o domina a realidade das contas p\u00fablicas, provavelmente n\u00e3o tem pleno conhecimento sobre a arrecada\u00e7\u00e3o do munic\u00edpio e qual valor chega do Governo Federal. Ele tamb\u00e9m n\u00e3o deve ter conhecer quais contratos e conv\u00eanios est\u00e3o em andamento e quantos servidores efetivos e comissionados existem etc. \u00c9 por isso que a comiss\u00e3o de transi\u00e7\u00e3o \u00e9 essencial. Ser\u00e1 por meio dela que o novo gestor come\u00e7ar\u00e1 a se familiarizar com a prefeitura que vai assumir dentro de poucos meses\u201d, explicou o promotor de Justi\u00e7a.<\/span><\/p>\n<p style=\"text-align: justify;\"><span style=\"font-size: 14pt;\">Ainda sobre o assunto, Jos\u00e9 Carlos Castro sugeriu aos prefeitos que eles editem uma lei que estabele\u00e7a o instituto da transi\u00e7\u00e3o nos munic\u00edpios. \u201cNossa proposta foi para que esse processo de transi\u00e7\u00e3o esteja respaldado em legisla\u00e7\u00e3o pr\u00f3pria. O atual gestor, no caso, deve enviar \u00e0 C\u00e2mara Municipal da sua cidade um projeto de lei que regulamente isso. O Minist\u00e9rio P\u00fablico tem minutas que podem servir de base para eles. Ou, a pr\u00f3pria AMA pode assessor\u00e1-los nesse sentido\u201d, acrescentou.<\/span><\/p>\n<p style=\"text-align: justify;\"><span style=\"font-size: 14pt;\">Jos\u00e9 Carlos Castro tamb\u00e9m ressaltou a import\u00e2ncia dos prefeitos encerrarem seus mandatos seguindo os princ\u00edpios b\u00e1sicos da administra\u00e7\u00e3o p\u00fablica, todos estabelecidos no artigo 37 da Constitui\u00e7\u00e3o Federal. \u201cOs gestores n\u00e3o podem se furtar a obedecer as principais regras do bom administrador. Todos devem seguir os princ\u00edpios da legalidade, da moralidade, da impessoalidade da publicidade e da efici\u00eancia. A seguran\u00e7a jur\u00eddica e a supremacia do interesse p\u00fablico tamb\u00e9m devem ser sempre consideradas\u201d, destacou ele.<\/span><\/p>\n<p style=\"text-align: justify;\"><span style=\"font-size: 14pt;\"><strong>As demais palestras<\/strong><\/span><\/p>\n<p style=\"text-align: justify;\"><span style=\"font-size: 14pt;\">O evento seguiu com o secret\u00e1rio de Controle Externo do Tribunal de Contas da Uni\u00e3o (TCU\/AL), Claudivan da Silva Costa, falando sobre \u201cA gest\u00e3o Municipal e o Controle Externo: Orienta\u00e7\u00e3o para o Final de Mandato\u201d.<\/span><\/p>\n<p style=\"text-align: justify;\"><span style=\"font-size: 14pt;\">Para o presidente da AMA, Marcelo Beltr\u00e3o, por meio do semin\u00e1rio, a AMA est\u00e1 contribuindo para o conhecimento t\u00e9cnico dos gestores. \u201cS\u00e3o muitos os desafios no final de mandato tendo em vista, principalmente, os problemas causados por fatores como a redu\u00e7\u00e3o dos repasses financeiros, o subfinanciamento dos governos federais e a instabilidade econ\u00f4mica do pa\u00eds, que tem afetado diretamente os munic\u00edpios\u201d, afirmou Beltr\u00e3o.<\/span><\/p>\n<p style=\"text-align: justify;\"><span style=\"font-size: 14pt;\">O evento, que acontecer\u00e1 at\u00e9 o final do dia, ainda ter\u00e1 palestras de representantes da Controladoria Geral da Uni\u00e3o e Tribunal de Conta do Estado de Alagoas. S\u00e9rgio Moraes Studart, analista de Finan\u00e7as da CGU\/AL e coordenador do N\u00facleo de A\u00e7\u00e3o e Preven\u00e7\u00e3o na Regional Alagoas, vai palestrar sobre \u201cO Controle Interno na Transi\u00e7\u00e3o Municipal\u201d. J\u00e1 o auditor do TCE\/AL, Alberto Pires tratar\u00e1 do tema \u201cObriga\u00e7\u00f5es Legais no \u00faltimo ano de mandato\u201d.<\/span><\/p>\n<p style=\"text-align: justify;\"><span style=\"font-size: 14pt;\">\u201cNosso objetivo \u00e9 permitir que os \u00f3rg\u00e3os de fiscaliza\u00e7\u00e3o e controle passem as devidas orienta\u00e7\u00f5es para assegurar a continuidade da administra\u00e7\u00e3o p\u00fablica e uma transmiss\u00e3o de gest\u00e3o correta\u201d, afirmou Pedro Ferro, gerente do setor de Apoio Institucional da Associa\u00e7\u00e3o.<\/span><\/p>\n","protected":false},"excerpt":{"rendered":"<p> [&hellip;]<\/p>\n","protected":false},"author":5,"featured_media":13410,"comment_status":"open","ping_status":"open","sticky":false,"template":"","format":"standard","meta":{"om_disable_all_campaigns":false,"_monsterinsights_skip_tracking":false,"_monsterinsights_sitenote_active":false,"_monsterinsights_sitenote_note":"","_monsterinsights_sitenote_category":0,"_uf_show_specific_survey":0,"_uf_disable_surveys":false,"footnotes":""},"categories":[2],"tags":[],"class_list":["post-13408","post","type-post","status-publish","format-standard","has-post-thumbnail","hentry","category-not_mpal"],"aioseo_notices":[],"_links":{"self":[{"href":"https:\/\/www.mpal.mp.br\/index.php?rest_route=\/wp\/v2\/posts\/13408","targetHints":{"allow":["GET"]}}],"collection":[{"href":"https:\/\/www.mpal.mp.br\/index.php?rest_route=\/wp\/v2\/posts"}],"about":[{"href":"https:\/\/www.mpal.mp.br\/index.php?rest_route=\/wp\/v2\/types\/post"}],"author":[{"embeddable":true,"href":"https:\/\/www.mpal.mp.br\/index.php?rest_route=\/wp\/v2\/users\/5"}],"replies":[{"embeddable":true,"href":"https:\/\/www.mpal.mp.br\/index.php?rest_route=%2Fwp%2Fv2%2Fcomments&post=13408"}],"version-history":[{"count":1,"href":"https:\/\/www.mpal.mp.br\/index.php?rest_route=\/wp\/v2\/posts\/13408\/revisions"}],"predecessor-version":[{"id":13411,"href":"https:\/\/www.mpal.mp.br\/index.php?rest_route=\/wp\/v2\/posts\/13408\/revisions\/13411"}],"wp:featuredmedia":[{"embeddable":true,"href":"https:\/\/www.mpal.mp.br\/index.php?rest_route=\/wp\/v2\/media\/13410"}],"wp:attachment":[{"href":"https:\/\/www.mpal.mp.br\/index.php?rest_route=%2Fwp%2Fv2%2Fmedia&parent=13408"}],"wp:term":[{"taxonomy":"category","embeddable":true,"href":"https:\/\/www.mpal.mp.br\/index.php?rest_route=%2Fwp%2Fv2%2Fcategories&post=13408"},{"taxonomy":"post_tag","embeddable":true,"href":"https:\/\/www.mpal.mp.br\/index.php?rest_route=%2Fwp%2Fv2%2Ftags&post=13408"}],"curies":[{"name":"wp","href":"https:\/\/api.w.org\/{rel}","templated":true}]}}