{"id":13400,"date":"2016-08-29T09:12:07","date_gmt":"2016-08-29T12:12:07","guid":{"rendered":"https:\/\/www.mpal.mp.br\/?p=13400"},"modified":"2022-07-25T09:13:05","modified_gmt":"2022-07-25T12:13:05","slug":"ministerio-publico-pede-desaforamento-do-juri-de-jaysley-leite-de-oliveira-acusado-de-assassinar-o-modelo-eric-ferraz","status":"publish","type":"post","link":"https:\/\/www.mpal.mp.br\/?p=13400","title":{"rendered":"Minist\u00e9rio P\u00fablico pede desaforamento do j\u00fari de Jaysley Leite de Oliveira, acusado de assassinar o modelo Eric Ferraz"},"content":{"rendered":"<p style=\"text-align: justify;\"><span style=\"font-size: 14pt;\">O Minist\u00e9rio P\u00fablico Estadual de Alagoas (MPE\/AL) pediu o desaforamento do julgamento que dever\u00e1 levar ao banco dos r\u00e9us o policial civil Jaysley Leite de Oliveira, acusado de envolvimento na morte do modelo Eric Alexandre dos Santos, mais conhecido como Eric Ferraz. A Promotoria de Justi\u00e7a de Vi\u00e7osa defende que o j\u00fari ocorra em Macei\u00f3 sob o argumento de que os jurados podem se sentir amea\u00e7ados pelos acusados, j\u00e1 que os mesmos residem naquela cidade e teriam hist\u00f3rico de viol\u00eancia. Nesta segunda-feira (29), a fam\u00edlia de Eric Ferraz se reuniu com o promotor Anderson Cl\u00e1udio de Almeida Barbosa e apelou para que o MPE\/AL continue defendendo o desaforamento.<\/span><\/p>\n<p style=\"text-align: justify;\"><span style=\"font-size: 14pt;\">A manifesta\u00e7\u00e3o da Promotoria de Justi\u00e7a de Vi\u00e7osa se deu em fun\u00e7\u00e3o da negativa do Tribunal de Justi\u00e7a em conceder a liminar que pedia o referido desaforamento. Interposto no \u00faltimo dia 25, o pedido de reconsidera\u00e7\u00e3o de concess\u00e3o de liminar reitera o que o advogado de acusa\u00e7\u00e3o Raimundo Palmeira j\u00e1 havia solicitado: que o j\u00fari de Jaysley Leite de Oliveira ocorra em Macei\u00f3. Al\u00e9m de alegar poss\u00edvel intimida\u00e7\u00e3o ao Conselho de Senten\u00e7a, o promotor Anderson Cl\u00e1udio de Almeida Barbosa tamb\u00e9m alertou ao Poder Judici\u00e1rio sobre a influ\u00eancia pol\u00edtica que a fam\u00edlia do r\u00e9u possui na cidade de Vi\u00e7osa.<\/span><\/p>\n<p style=\"text-align: justify;\"><span style=\"font-size: 14pt;\">\u201cO pai dos r\u00e9us, senhor Ailton Pereira de Oliveira, \u00e9 pr\u00e9-candidato a vereador no munic\u00edpio de Vi\u00e7osa neste pleito eleitoral e j\u00e1 exerceu por mais de uma vez o mandato de vereador, tendo sido inclusive presidente do Parlamento Municipal e, nas \u00faltimas elei\u00e7\u00f5es, atingiu a vaga de suplente. Aliado a estes fatos, depreende-se que o requerido \u00e9 policial civil e, portanto, possui autoriza\u00e7\u00e3o para portar arma de fogo, o que por certo gera temor considerado em algumas pessoas. Acentue-se ao fato de que, no dia do crime, local de grande festividade, o Jaysley resolveu ignorar a quantidade de pessoas ali presentes, praticando o delito em comento diante de todos que comemoravam a data festiva. Ademais, sem deixar de ressaltar, durante a audi\u00eancia de instru\u00e7\u00e3o do processo, na comarca de Vi\u00e7osa, a v\u00edtima \u00c9rica Ferreira da Silva, bem como as testemunhas Divaldo Ferreira da Silva, Jos\u00e9 Alex Silva Ferreira, Manoel Roque Rodrigues dos Santos e Karla Priscila Cardoso Acioly demonstraram fundado receio em prestar depoimento na presen\u00e7a do acusado, comprovando o temor j\u00e1 declarado. Assim, o presente pedido de desaforamento tem como fundamento a d\u00favida sobre a parcialidade do J\u00fari\u201d, diz um trecho da manifesta\u00e7\u00e3o do MPE\/AL.<\/span><\/p>\n<p style=\"text-align: justify;\"><span style=\"font-size: 14pt;\">\u201cE essa d\u00favida se justifica em fun\u00e7\u00e3o da enorme repercuss\u00e3o do crime no munic\u00edpio, bem como do fato da fam\u00edlia do r\u00e9u ser temida na regi\u00e3o e detentora dessa forte influ\u00eancia pol\u00edtica. Conforme mencionado, isto pode, evidentemente, influir no \u00e2nimo dos jurados. Com efeito, \u00e9 importante destacar que tendo em vista o desmembramento do feito, a colenda C\u00e2mara Criminal j\u00e1 acolheu o pedido de desaforamento quanto ao r\u00e9u Judarley Leite de Oliveira (autos de n\u00ba 0000617-35.2012.8.02.0057) para que o mesmo seja submetido a julgamento popular na Comarca de Macei\u00f3, ressaltando-se tamb\u00e9m, que a ju\u00edza declarou a necessidade de desaforamento do julgamento em face de estar comprometida a imparcialidade dos jurados\u201d, continua o pedido de reconsidera\u00e7\u00e3o de liminar. Judarley, irm\u00e3o de Jaysley Leite de Oliveira, tamb\u00e9m \u00e9 r\u00e9u no mesmo crime.<\/span><\/p>\n<p style=\"text-align: justify;\"><span style=\"font-size: 14pt;\">\u201cAnalisadas todas as circunst\u00e2ncias e guardadas as devidas propor\u00e7\u00f5es entre os dois r\u00e9us, em nada se justifica a manuten\u00e7\u00e3o do julgamento em Vi\u00e7osa do r\u00e9u Jaysley Leite de Oliveira. O fato \u00e9 o mesmo e, como os dois acusados s\u00e3o irm\u00e3os e, um deles j\u00e1 teve seu j\u00fari desaforado para a capital, est\u00e1 demonstrada mais ainda a necessidade do deferimento da liminar. Acreditamos na sensibilidade do Judici\u00e1rio\u201d, afirmou o promotor de Justi\u00e7a Anderson Cl\u00e1udio de Almeida Barbosa.<\/span><\/p>\n<p style=\"text-align: justify;\"><span style=\"font-size: 14pt;\"><strong>Fam\u00edlia pede apoio do MPE<\/strong><\/span><\/p>\n<p style=\"text-align: justify;\"><span style=\"font-size: 14pt;\">No final da manh\u00e3 desta segunda-feira (29), a fam\u00edlia de Eric Ferraz procurou o Minist\u00e9rio P\u00fablico. Os pais do modelo, Edglemis Jos\u00e9 dos Santos e Valdenice Ferreira dos Santos, e a irm\u00e3, Val\u00e9ria Vanessa Ferreira dos Santos, pediram informa\u00e7\u00f5es sobre o andamento do caso. Na ocasi\u00e3o, eles foram comunicados sobre o pedido de reconsidera\u00e7\u00e3o de concess\u00e3o de liminar ajuizado pela Promotoria de Justi\u00e7a de Vi\u00e7osa no \u00faltimo dia 25.<\/span><\/p>\n<p style=\"text-align: justify;\"><span style=\"font-size: 14pt;\">\u201cEssa \u00e9 uma not\u00edcia que volta a nos encher de esperan\u00e7a. O j\u00fari n\u00e3o pode acontecer em Vi\u00e7osa de forma alguma. Sei que muitas pessoas t\u00eam receio de ser chamadas para comp\u00f4r o Conselho de Senten\u00e7a exatamente por conta do hist\u00f3rico de viol\u00eancia daquela fam\u00edlia. Os moradores da cidade se sentem intimidados e a gente compreende esse temor. O julgamento do Judarley j\u00e1 foi desaforado. Agora, falta o do Jasley. Estamos confiantes que o Tribunal de Justi\u00e7a vai reconsiderar sua decis\u00e3o e conceder a liminar\u201d, declarou o pai da v\u00edtima.<\/span><\/p>\n<p style=\"text-align: justify;\"><span style=\"font-size: 14pt;\">\u201cA gente receia que os jurados sejam influenciados e isso n\u00e3o \u00e9 algo dif\u00edcil de acontecer. Sei que n\u00e3o terei nunca mais o meu filho de volta, mas, j\u00e1 que \u00e9 para os assassinos serem julgados, que a possibilidade da Justi\u00e7a ser feita possa ocorrer dentro do que manda a lei\u201d, afirmou aldenice Ferreira dos Santos.<\/span><\/p>\n<p style=\"text-align: justify;\"><span style=\"font-size: 14pt;\"><strong>A acusa\u00e7\u00e3o<\/strong><\/span><\/p>\n<p style=\"text-align: justify;\"><span style=\"font-size: 14pt;\">Eric Ferraz foi assassinado na madrugada do dia 01 de janeiro de 2012, na Av. Firmino Maia, Centro de Vi\u00e7osa. Ele comemorava o r\u00e9veillon ao lado da namorada, \u00c9rica Ferreira da Silva, quando os irm\u00e3os Jaysley Leite de Oliveira e Judarley Leite de Oliveira teriam iniciado a confus\u00e3o.<\/span><\/p>\n<p style=\"text-align: justify;\"><span style=\"font-size: 14pt;\">O Minist\u00e9rio P\u00fablico ajuizou a\u00e7\u00e3o penal contra os Jaysley e Jurdarley e os acusou de homic\u00eddio duplamente qualificado, por motivo f\u00fatil e por meio que impossibilitou a defesa da v\u00edtima. Os irm\u00e3os tamb\u00e9m respondem por tentativa de homic\u00eddio contra \u00c9rica Ferreira da Silva, ent\u00e3o namorada do modelo.<\/span><\/p>\n<p style=\"text-align: justify;\"><span style=\"font-size: 14pt;\">Se forem condenados, os r\u00e9us podem ser submetidos a pena de at\u00e9 30 anos de reclus\u00e3o. Erick foi assassinado com tr\u00eas tiros, todos nas costas, segundo laudo do Instituto de Criminal\u00edstica.<\/span><\/p>\n","protected":false},"excerpt":{"rendered":"<p> [&hellip;]<\/p>\n","protected":false},"author":5,"featured_media":13402,"comment_status":"open","ping_status":"open","sticky":false,"template":"","format":"standard","meta":{"om_disable_all_campaigns":false,"_monsterinsights_skip_tracking":false,"_monsterinsights_sitenote_active":false,"_monsterinsights_sitenote_note":"","_monsterinsights_sitenote_category":0,"_uf_show_specific_survey":0,"_uf_disable_surveys":false,"footnotes":""},"categories":[2],"tags":[],"class_list":["post-13400","post","type-post","status-publish","format-standard","has-post-thumbnail","hentry","category-not_mpal"],"aioseo_notices":[],"_links":{"self":[{"href":"https:\/\/www.mpal.mp.br\/index.php?rest_route=\/wp\/v2\/posts\/13400","targetHints":{"allow":["GET"]}}],"collection":[{"href":"https:\/\/www.mpal.mp.br\/index.php?rest_route=\/wp\/v2\/posts"}],"about":[{"href":"https:\/\/www.mpal.mp.br\/index.php?rest_route=\/wp\/v2\/types\/post"}],"author":[{"embeddable":true,"href":"https:\/\/www.mpal.mp.br\/index.php?rest_route=\/wp\/v2\/users\/5"}],"replies":[{"embeddable":true,"href":"https:\/\/www.mpal.mp.br\/index.php?rest_route=%2Fwp%2Fv2%2Fcomments&post=13400"}],"version-history":[{"count":1,"href":"https:\/\/www.mpal.mp.br\/index.php?rest_route=\/wp\/v2\/posts\/13400\/revisions"}],"predecessor-version":[{"id":13403,"href":"https:\/\/www.mpal.mp.br\/index.php?rest_route=\/wp\/v2\/posts\/13400\/revisions\/13403"}],"wp:featuredmedia":[{"embeddable":true,"href":"https:\/\/www.mpal.mp.br\/index.php?rest_route=\/wp\/v2\/media\/13402"}],"wp:attachment":[{"href":"https:\/\/www.mpal.mp.br\/index.php?rest_route=%2Fwp%2Fv2%2Fmedia&parent=13400"}],"wp:term":[{"taxonomy":"category","embeddable":true,"href":"https:\/\/www.mpal.mp.br\/index.php?rest_route=%2Fwp%2Fv2%2Fcategories&post=13400"},{"taxonomy":"post_tag","embeddable":true,"href":"https:\/\/www.mpal.mp.br\/index.php?rest_route=%2Fwp%2Fv2%2Ftags&post=13400"}],"curies":[{"name":"wp","href":"https:\/\/api.w.org\/{rel}","templated":true}]}}