{"id":13383,"date":"2016-11-12T09:06:03","date_gmt":"2016-11-12T11:06:03","guid":{"rendered":"https:\/\/www.mpal.mp.br\/?p=13383"},"modified":"2022-07-25T09:14:49","modified_gmt":"2022-07-25T12:14:49","slug":"ampal-pgj-e-esmp-promovem-i-encontro-estadual-de-promotores-de-justica-da-infancia","status":"publish","type":"post","link":"https:\/\/www.mpal.mp.br\/?p=13383","title":{"rendered":"Ampal, PGJ e ESMP promovem I Encontro Estadual de Promotores de Justi\u00e7a da Inf\u00e2ncia"},"content":{"rendered":"<p style=\"text-align: justify;\"><span style=\"font-size: 14pt;\">A Associa\u00e7\u00e3o do Minist\u00e9rio P\u00fablico de Alagoas (Ampal), em parceria com a Procuradoria Geral de Justi\u00e7a e a Escola Superior do Minist\u00e9rio P\u00fablico do Estado de Alagoas, promoveu, nos dias 10 e 11 de novembro, o I Encontro Estadual de Promotores de Justi\u00e7a da Inf\u00e2ncia. O evento foi realizado no audit\u00f3rio do pr\u00e9dio-sede do \u00f3rg\u00e3o ministerial, no bairro do Po\u00e7o.<\/span><\/p>\n<p style=\"text-align: justify;\"><span style=\"font-size: 14pt;\">O encontro teve como objetivo estimular o estudo, o debate, a troca de ideias e experi\u00eancias que possibilitar\u00e3o uma uniformiza\u00e7\u00e3o de entendimento e estrat\u00e9gias de atua\u00e7\u00e3o. Al\u00e9m disso, o evento representou uma oportunidade \u00fanica de congra\u00e7amento entre os promotores de Justi\u00e7a com atua\u00e7\u00e3o na inf\u00e2ncia e juventude.<\/span><\/p>\n<p style=\"text-align: justify;\"><span style=\"font-size: 14pt;\">Segundo a presidente da Ampal, promotora de Justi\u00e7a Adilza Freitas, o evento atende um pedido dos membros do MPE\/AL que trabalham com quest\u00f5es envolvendo crian\u00e7a e adolescente. \u201cTodos t\u00eam o mesmo desejo de atender a demanda da sociedade com celeridade, efici\u00eancia e prioridade absoluta. Assim um semin\u00e1rio desse tipo possibilita uma atua\u00e7\u00e3o uniforme da institui\u00e7\u00e3o, respeitando a independ\u00eancia funcional\u201d, explicou.<\/span><\/p>\n<p style=\"text-align: justify;\"><span style=\"font-size: 14pt;\">A abertura do encontro foi feita pelo procurador-geral de Justi\u00e7a, S\u00e9rgio Juc\u00e1. Na sequ\u00eancia, o promotor de Justi\u00e7a do Minist\u00e9rio P\u00fablico do Estado do Rio Grande do Norte, Marcus Aur\u00e9lio de Freitas Barros, ministrou a palestra \u201cControle de or\u00e7amento p\u00fablico na \u00e1rea da inf\u00e2ncia\u201d.<\/span><\/p>\n<p style=\"text-align: justify;\"><span style=\"font-size: 14pt;\"><strong>Ado\u00e7\u00e3o e medidas socioeducativas<\/strong><\/span><\/p>\n<p style=\"text-align: justify;\"><span style=\"font-size: 14pt;\">No dia 11 de novembro, houve a palestra \u201cAdo\u00e7\u00e3o\u201d, que teve como ministrante o procurador de Justi\u00e7a do Minist\u00e9rio P\u00fablico do Estado do Rio de Janeiro, S\u00e1vio Renato Bittencourt Soares Silva. As promotoras de Justi\u00e7a alagoanas Maria Cec\u00edlia Carna\u00faba e Micheline Ten\u00f3rio participaram, em seguida, da mesa redonda sobre \u201cDefesa dos direitos \u00e0 educa\u00e7\u00e3o e \u00e0 sa\u00fade\u201d, que foi mediada pela tamb\u00e9m promotora Marluce Falc\u00e3o.<\/span><\/p>\n<p style=\"text-align: justify;\"><span style=\"font-size: 14pt;\">A segunda mesa redonda do dia encerrou o encontro. Ela abordar\u00e1 o tema \u201cAtos infracionais e medidas socioeducativas\u201d e contou como debatedores o promotor de Justi\u00e7a Rog\u00e9rio Paranhos, o defensor p\u00fablico F\u00e1bio Passos de Abreu e o juiz de Direito Ney Alc\u00e2ntara, sob a media\u00e7\u00e3o da titular da Promotoria de Justi\u00e7a da Inf\u00e2ncia e Juventude, Alexandra Beurlen.<\/span><\/p>\n<p style=\"text-align: justify;\"><span style=\"font-size: 14pt;\">A diretora cultural da Ampal, promotora de Justi\u00e7a Sandra Malta, destaca que os temas escolhidos foram os que mais suscitam interesse e inquieta\u00e7\u00e3o entre os promotores que militam na \u00e1rea. \u201cO controle do or\u00e7amento p\u00fablico na \u00e1rea da inf\u00e2ncia e a defesa \u00e0 educa\u00e7\u00e3o, por exemplo, s\u00e3o temas priorit\u00e1rios, sobretudo em nosso Estado, que amarga baixos \u00edndices na qualidade da educa\u00e7\u00e3o. Por seu turno, a ado\u00e7\u00e3o e as medidas socioeducativas s\u00e3o temas de extrema relev\u00e2ncia para os agentes ministeriais com atua\u00e7\u00e3o na inf\u00e2ncia e juventude, disse.<\/span><\/p>\n<p style=\"text-align: justify;\"><span style=\"font-size: 14pt;\">\u201cManter-se atualizado sobre os temas mais frequentes, pol\u00eamicos e relevantes! Isso que os operadores do direito devem esperar do encontro\u201d, afirma a promotora de Justi\u00e7a Alexandra Beurlen sobre a expectativa em torno do I Encontro Estadual de Promotores de Justi\u00e7a da Inf\u00e2ncia.<\/span><\/p>\n","protected":false},"excerpt":{"rendered":"<p> [&hellip;]<\/p>\n","protected":false},"author":4,"featured_media":13399,"comment_status":"open","ping_status":"open","sticky":false,"template":"","format":"standard","meta":{"om_disable_all_campaigns":false,"_monsterinsights_skip_tracking":false,"_monsterinsights_sitenote_active":false,"_monsterinsights_sitenote_note":"","_monsterinsights_sitenote_category":0,"_uf_show_specific_survey":0,"_uf_disable_surveys":false,"footnotes":""},"categories":[19,2],"tags":[],"class_list":["post-13383","post","type-post","status-publish","format-standard","has-post-thumbnail","hentry","category-not_esmp","category-not_mpal"],"aioseo_notices":[],"_links":{"self":[{"href":"https:\/\/www.mpal.mp.br\/index.php?rest_route=\/wp\/v2\/posts\/13383","targetHints":{"allow":["GET"]}}],"collection":[{"href":"https:\/\/www.mpal.mp.br\/index.php?rest_route=\/wp\/v2\/posts"}],"about":[{"href":"https:\/\/www.mpal.mp.br\/index.php?rest_route=\/wp\/v2\/types\/post"}],"author":[{"embeddable":true,"href":"https:\/\/www.mpal.mp.br\/index.php?rest_route=\/wp\/v2\/users\/4"}],"replies":[{"embeddable":true,"href":"https:\/\/www.mpal.mp.br\/index.php?rest_route=%2Fwp%2Fv2%2Fcomments&post=13383"}],"version-history":[{"count":1,"href":"https:\/\/www.mpal.mp.br\/index.php?rest_route=\/wp\/v2\/posts\/13383\/revisions"}],"predecessor-version":[{"id":13401,"href":"https:\/\/www.mpal.mp.br\/index.php?rest_route=\/wp\/v2\/posts\/13383\/revisions\/13401"}],"wp:featuredmedia":[{"embeddable":true,"href":"https:\/\/www.mpal.mp.br\/index.php?rest_route=\/wp\/v2\/media\/13399"}],"wp:attachment":[{"href":"https:\/\/www.mpal.mp.br\/index.php?rest_route=%2Fwp%2Fv2%2Fmedia&parent=13383"}],"wp:term":[{"taxonomy":"category","embeddable":true,"href":"https:\/\/www.mpal.mp.br\/index.php?rest_route=%2Fwp%2Fv2%2Fcategories&post=13383"},{"taxonomy":"post_tag","embeddable":true,"href":"https:\/\/www.mpal.mp.br\/index.php?rest_route=%2Fwp%2Fv2%2Ftags&post=13383"}],"curies":[{"name":"wp","href":"https:\/\/api.w.org\/{rel}","templated":true}]}}