{"id":13380,"date":"2016-11-14T09:02:55","date_gmt":"2016-11-14T11:02:55","guid":{"rendered":"https:\/\/www.mpal.mp.br\/?p=13380"},"modified":"2022-07-25T09:05:59","modified_gmt":"2022-07-25T12:05:59","slug":"ministerio-publico-estadual-realiza-prova-de-selecao-para-estagio-em-direito","status":"publish","type":"post","link":"https:\/\/www.mpal.mp.br\/?p=13380","title":{"rendered":"Minist\u00e9rio P\u00fablico Estadual realiza prova de sele\u00e7\u00e3o para est\u00e1gio em Direito"},"content":{"rendered":"<p style=\"text-align: justify;\"><span style=\"font-size: 14pt;\">A Escola Superior do Minist\u00e9rio P\u00fablico do Estado de Alagoas (ESMP\/AL) aplicou, neste domingo (13), as provas do 6\u00aa processo seletivo para provimento de vagas e forma\u00e7\u00e3o de quadro de reserva de estagi\u00e1rios da \u00e1rea de Direito da institui\u00e7\u00e3o.<\/span><\/p>\n<p style=\"text-align: justify;\"><span style=\"font-size: 14pt;\">Sob a organiza\u00e7\u00e3o da Funda\u00e7\u00e3o Apol\u00f4nio Salles de Desenvolvimento Educacional (Fadurpe), entidade vinculada \u00e0 Universidade Federal Rural de Pernambuco, a sele\u00e7\u00e3o ocorreu nos munic\u00edpios de Macei\u00f3 e Arapiraca para 1160 acad\u00eamicos inscritos.<\/span><\/p>\n<p style=\"text-align: justify;\"><span style=\"font-size: 14pt;\">Desde a noite de ontem, a Fadurpe disponibiliza o caderno de provas e o gabarito das quest\u00f5es. Em virtude do feriado nacional alusivo \u00e0 Proclama\u00e7\u00e3o da Rep\u00fablica, o prazo para recurso dos candidatos foi estendido para o dia 16 de novembro. O resultado final do certame ser\u00e1 divulgado no dia 6 de dezembro.<\/span><\/p>\n<p style=\"text-align: justify;\"><span style=\"font-size: 14pt;\">\u201cA aplica\u00e7\u00e3o da prova ocorreu dentro da normalidade, sem qualquer incidente. O n\u00famero de inscritos na sele\u00e7\u00e3o superou nossas expectativas. Apesar de muitos candidatos terem faltado ontem, as aus\u00eancias est\u00e3o dentro da margem que a organizadora esperava. Nossa inten\u00e7\u00e3o \u00e9 convocar os aprovados logo no in\u00edcio de janeiro, justamente para que as Promotorias de Justi\u00e7a comecem 2017 com o apoio dos estagi\u00e1rios\u201d, disse o diretor da ESMP\/AL, promotor de Justi\u00e7a Cl\u00e1udio Jos\u00e9 Brand\u00e3o S\u00e1.<\/span><\/p>\n<p style=\"text-align: justify;\"><span style=\"font-size: 14pt;\">O procurador-geral de Justi\u00e7a, S\u00e9rgio Juc\u00e1, esteve no Edif\u00edcio Professor Alberto Antunes, do Centro Universit\u00e1rio Cesmac, no bairro do Farol, para acompanhar a aplica\u00e7\u00e3o das provas em Macei\u00f3. J\u00e1 o diretor do 2\u00ba Centro de Apoio Operacional, procurador de Justi\u00e7a Geraldo Magela, fez a vistoria em Arapiraca, na Escola de Ensino Fundamental 31 de Mar\u00e7o, no bairro Bras\u00edlia.<\/span><\/p>\n<p style=\"text-align: justify;\"><span style=\"font-size: 14pt;\"><strong>Candidatos<\/strong><\/span><\/p>\n<p style=\"text-align: justify;\"><span style=\"font-size: 14pt;\">Ao todo s\u00e3o 170 vagas, das quais 72 se destinam \u00e0 Capital e 87 a munic\u00edpios de outras 12 regi\u00f5es, al\u00e9m de 11 reservadas a portadores de defici\u00eancia. No momento da inscri\u00e7\u00e3o, o candidato optou pela cidade de lota\u00e7\u00e3o, e, no caso de Macei\u00f3, escolheu tamb\u00e9m o turno em que ser\u00e1 realizado o est\u00e1gio.<\/span><\/p>\n<p style=\"text-align: justify;\"><span style=\"font-size: 14pt;\">Participaram da sele\u00e7\u00e3o estudantes do curso de Direito matriculados nas institui\u00e7\u00f5es de ensino superior conveniadas com o Minist\u00e9rio P\u00fablico do Estado de Alagoas. No entanto, para iniciar o est\u00e1gio, o acad\u00eamico deve comprovar que est\u00e1 cursando, pelo menos, o 5\u00ba per\u00edodo.<\/span><\/p>\n<p style=\"text-align: justify;\"><span style=\"font-size: 14pt;\">A estudante do 7\u00aa per\u00edodo de Direito da Universidade Federal de Alagoas, Priscilla Mac\u00eado, 22, foi uma das postulantes ao est\u00e1gio no \u00f3rg\u00e3o ministerial. Na expectativa de ficar entre os aprovados, ela elogiou a organiza\u00e7\u00e3o da sele\u00e7\u00e3o.<\/span><\/p>\n<p style=\"text-align: justify;\"><span style=\"font-size: 14pt;\">\u201cO est\u00e1gio do Minist\u00e9rio P\u00fablico atrai muito os estudantes porque, na gradua\u00e7\u00e3o de Direito, n\u00f3s o vemos como uma institui\u00e7\u00e3o de grande combatividade e que tem um amplo quadro de atua\u00e7\u00e3o por meio das promotorias espec\u00edficas, possibilitando um grande conhecimento a quem l\u00e1 estagia. A prova foi bem elaborada, e o MP e a Fadurpe fizeram um bom trabalho de organiza\u00e7\u00e3o\u201d, disse a universit\u00e1ria que concorre com mais 728 candidatos para 72 vagas na Capital.<\/span><\/p>\n<p style=\"text-align: justify;\"><span style=\"font-size: 14pt;\">O estudante do 4\u00ba per\u00edodo de Direito do Cesmac, Willamys Diego, 23, almeja uma das vagas destinadas \u00e0 Promotoria de Justi\u00e7a de Matriz de Camaragibe. \u201cJ\u00e1 colaboro com o Minist\u00e9rio P\u00fablico como volunt\u00e1rio da Promotoria. Quero agora me vincular ao \u00f3rg\u00e3o na condi\u00e7\u00e3o de estagi\u00e1rio. Tenho muita admira\u00e7\u00e3o pela atua\u00e7\u00e3o en\u00e9rgica dos promotores de Justi\u00e7a que passaram pela minha cidade nos \u00faltimos anos\u201d, disse o acad\u00eamico, que cursar\u00e1 o 5\u00ba per\u00edodo na ocasi\u00e3o da convoca\u00e7\u00e3o.<\/span><\/p>\n<p style=\"text-align: justify;\"><span style=\"font-size: 14pt;\">O processo seletivo foi constitu\u00eddo de uma prova objetiva. A avalia\u00e7\u00e3o ter\u00e1 50 quest\u00f5es de m\u00faltipla escolha, sendo divididas em duas partes: Conhecimentos B\u00e1sicos (L\u00edngua Portuguesa) e Conhecimentos Espec\u00edficos (Direito). Deste, cair\u00e3o conte\u00fados de Direto Constitucional, Direito Administrativo, Direito Civil, Direito Processual Civil, Direito Penal e Direito Processual Penal.<\/span><\/p>\n<p style=\"text-align: justify;\"><span style=\"font-size: 14pt;\">S\u00e3o 120 pontos em disputa, sendo que as 10 de Conhecimentos B\u00e1sico t\u00eam peso 2, e as de Conhecimento Espec\u00edfico t\u00eam peso 2,5.<\/span><\/p>\n<p style=\"text-align: justify;\"><span style=\"font-size: 14pt;\"><strong>Carga hor\u00e1ria e bolsa<\/strong><\/span><\/p>\n<p style=\"text-align: justify;\"><span style=\"font-size: 14pt;\">O est\u00e1gio ter\u00e1 carga hor\u00e1ria de 20 horas semanais, no per\u00edodo da manh\u00e3 ou da tarde, tendo dura\u00e7\u00e3o de seis meses. Ele poder\u00e1 ser prorrogado por at\u00e9 tr\u00eas vezes igual per\u00edodo, a crit\u00e9rio do Minist\u00e9rio P\u00fablico do Estado de Alagoas. O hor\u00e1rio de est\u00e1gio ser\u00e1 definido de acordo com o funcionamento da Procuradoria Geral de Justi\u00e7a e das Promotorias de Justi\u00e7a locais.<\/span><\/p>\n<p style=\"text-align: justify;\"><span style=\"font-size: 14pt;\">Pelo exerc\u00edcio do est\u00e1gio, o estudante far\u00e1 jus a uma bolsa de complementa\u00e7\u00e3o educacional no valor equivalente a um sal\u00e1rio-m\u00ednimo, bem como aux\u00edlio-transporte e seguro vida, conforme previs\u00e3o da Lei n\u00ba 11.788\/2008, da Resolu\u00e7\u00e3o CNMP n\u00ba 42\/2009 e do Ato do CSMP-AL n\u00ba 01\/2013.<\/span><\/p>\n","protected":false},"excerpt":{"rendered":"<p> [&hellip;]<\/p>\n","protected":false},"author":4,"featured_media":13381,"comment_status":"open","ping_status":"open","sticky":false,"template":"","format":"standard","meta":{"om_disable_all_campaigns":false,"_monsterinsights_skip_tracking":false,"_monsterinsights_sitenote_active":false,"_monsterinsights_sitenote_note":"","_monsterinsights_sitenote_category":0,"_uf_show_specific_survey":0,"_uf_disable_surveys":false,"footnotes":""},"categories":[19,2],"tags":[],"class_list":["post-13380","post","type-post","status-publish","format-standard","has-post-thumbnail","hentry","category-not_esmp","category-not_mpal"],"aioseo_notices":[],"_links":{"self":[{"href":"https:\/\/www.mpal.mp.br\/index.php?rest_route=\/wp\/v2\/posts\/13380","targetHints":{"allow":["GET"]}}],"collection":[{"href":"https:\/\/www.mpal.mp.br\/index.php?rest_route=\/wp\/v2\/posts"}],"about":[{"href":"https:\/\/www.mpal.mp.br\/index.php?rest_route=\/wp\/v2\/types\/post"}],"author":[{"embeddable":true,"href":"https:\/\/www.mpal.mp.br\/index.php?rest_route=\/wp\/v2\/users\/4"}],"replies":[{"embeddable":true,"href":"https:\/\/www.mpal.mp.br\/index.php?rest_route=%2Fwp%2Fv2%2Fcomments&post=13380"}],"version-history":[{"count":1,"href":"https:\/\/www.mpal.mp.br\/index.php?rest_route=\/wp\/v2\/posts\/13380\/revisions"}],"predecessor-version":[{"id":13382,"href":"https:\/\/www.mpal.mp.br\/index.php?rest_route=\/wp\/v2\/posts\/13380\/revisions\/13382"}],"wp:featuredmedia":[{"embeddable":true,"href":"https:\/\/www.mpal.mp.br\/index.php?rest_route=\/wp\/v2\/media\/13381"}],"wp:attachment":[{"href":"https:\/\/www.mpal.mp.br\/index.php?rest_route=%2Fwp%2Fv2%2Fmedia&parent=13380"}],"wp:term":[{"taxonomy":"category","embeddable":true,"href":"https:\/\/www.mpal.mp.br\/index.php?rest_route=%2Fwp%2Fv2%2Fcategories&post=13380"},{"taxonomy":"post_tag","embeddable":true,"href":"https:\/\/www.mpal.mp.br\/index.php?rest_route=%2Fwp%2Fv2%2Ftags&post=13380"}],"curies":[{"name":"wp","href":"https:\/\/api.w.org\/{rel}","templated":true}]}}