{"id":13367,"date":"2017-01-18T08:23:14","date_gmt":"2017-01-18T10:23:14","guid":{"rendered":"https:\/\/www.mpal.mp.br\/?p=13367"},"modified":"2022-07-25T08:27:12","modified_gmt":"2022-07-25T11:27:12","slug":"ministerio-publico-convoca-aprovados-no-processo-de-selecao-de-estagiarios","status":"publish","type":"post","link":"https:\/\/www.mpal.mp.br\/?p=13367","title":{"rendered":"Minist\u00e9rio P\u00fablico convoca aprovados no processo de sele\u00e7\u00e3o de estagi\u00e1rios"},"content":{"rendered":"<p style=\"text-align: justify;\"><span style=\"font-size: 14pt;\">O Minist\u00e9rio P\u00fablico do Estado de Alagoas (MPE\/AL), por meio da sua Escola Superior (ESMP\/AL), convocou 60 candidatos aprovados no VI Processo Seletivo para provimento de vagas no quadro de estagi\u00e1rios da \u00e1rea de Direito da institui\u00e7\u00e3o, ocorrido em novembro de 2016.<\/span><\/p>\n<p style=\"text-align: justify;\"><span style=\"font-size: 14pt;\">A convoca\u00e7\u00e3o foi publicada no Di\u00e1rio Oficial do Estado de Alagoas, de 4 de janeiro \u00faltimo, e os candidatos aprovados tiveram sete dias \u00fateis para apresenta\u00e7\u00e3o da documenta\u00e7\u00e3o exigida. O certame tem validade at\u00e9 dezembro de 2017. Portanto, outras chamadas podem acontecer e os candidatos devem ficar atentos, j\u00e1 que h\u00e1 prazo para entrega dos documentos.<\/span><\/p>\n<p style=\"text-align: justify;\"><span style=\"font-size: 14pt;\">S\u00e9rgio Freitas \u00e9 estudante do 5\u00ba per\u00edodo do curso de Direito do Centro Universit\u00e1rio. Segundo lugar no processo seletivo para Macei\u00f3, turno matutino, ele iniciou ontem o est\u00e1gio junto \u00e0 55\u00aa Promotoria de Justi\u00e7a da Capital, onde atuar\u00e1 junto com a promotora de Justi\u00e7a Marluce Falc\u00e3o.<\/span><\/p>\n<p style=\"text-align: justify;\"><span style=\"font-size: 14pt;\">&#8220;Durante o est\u00e1gio, pretendo aprender como o Minist\u00e9rio P\u00fablico exerce o seu papel na esfera penal. Quero aprender os tr\u00e2mites do processo nesta \u00e1rea, os procedimentos adotados pela institui\u00e7\u00e3o. Conhecimentos que, de certa forma, preciso saber para fazer as manifesta\u00e7\u00f5es no pr\u00f3prio est\u00e1gio&#8221;, disse o acad\u00eamico.<\/span><\/p>\n<p style=\"text-align: justify;\"><span style=\"font-size: 14pt;\"><strong>A sele\u00e7\u00e3o<\/strong><\/span><\/p>\n<p style=\"text-align: justify;\"><span style=\"font-size: 14pt;\">Sob a organiza\u00e7\u00e3o da Funda\u00e7\u00e3o Apol\u00f4nio Salles de Desenvolvimento Educacional (Fadurpe), entidade vinculada \u00e0 Universidade Federal Rural de Pernambuco, a sele\u00e7\u00e3o foi realizada munic\u00edpios de Macei\u00f3 e Arapiraca com 1160 acad\u00eamicos inscritos.<\/span><\/p>\n<p style=\"text-align: justify;\"><span style=\"font-size: 14pt;\">Participaram da sele\u00e7\u00e3o estudantes do curso de Direito devidamente matriculados nas institui\u00e7\u00f5es de ensino superior, conveniadas com o Minist\u00e9rio P\u00fablico do Estado de Alagoas. No entanto, para iniciar o est\u00e1gio, o acad\u00eamico deve comprovar que est\u00e1 cursando, pelo menos, o 5\u00ba per\u00edodo.<\/span><\/p>\n","protected":false},"excerpt":{"rendered":"<p> [&hellip;]<\/p>\n","protected":false},"author":4,"featured_media":7620,"comment_status":"open","ping_status":"open","sticky":false,"template":"","format":"standard","meta":{"om_disable_all_campaigns":false,"_monsterinsights_skip_tracking":false,"_monsterinsights_sitenote_active":false,"_monsterinsights_sitenote_note":"","_monsterinsights_sitenote_category":0,"_uf_show_specific_survey":0,"_uf_disable_surveys":false,"footnotes":""},"categories":[19,2],"tags":[],"class_list":["post-13367","post","type-post","status-publish","format-standard","has-post-thumbnail","hentry","category-not_esmp","category-not_mpal"],"aioseo_notices":[],"_links":{"self":[{"href":"https:\/\/www.mpal.mp.br\/index.php?rest_route=\/wp\/v2\/posts\/13367","targetHints":{"allow":["GET"]}}],"collection":[{"href":"https:\/\/www.mpal.mp.br\/index.php?rest_route=\/wp\/v2\/posts"}],"about":[{"href":"https:\/\/www.mpal.mp.br\/index.php?rest_route=\/wp\/v2\/types\/post"}],"author":[{"embeddable":true,"href":"https:\/\/www.mpal.mp.br\/index.php?rest_route=\/wp\/v2\/users\/4"}],"replies":[{"embeddable":true,"href":"https:\/\/www.mpal.mp.br\/index.php?rest_route=%2Fwp%2Fv2%2Fcomments&post=13367"}],"version-history":[{"count":1,"href":"https:\/\/www.mpal.mp.br\/index.php?rest_route=\/wp\/v2\/posts\/13367\/revisions"}],"predecessor-version":[{"id":13368,"href":"https:\/\/www.mpal.mp.br\/index.php?rest_route=\/wp\/v2\/posts\/13367\/revisions\/13368"}],"wp:featuredmedia":[{"embeddable":true,"href":"https:\/\/www.mpal.mp.br\/index.php?rest_route=\/wp\/v2\/media\/7620"}],"wp:attachment":[{"href":"https:\/\/www.mpal.mp.br\/index.php?rest_route=%2Fwp%2Fv2%2Fmedia&parent=13367"}],"wp:term":[{"taxonomy":"category","embeddable":true,"href":"https:\/\/www.mpal.mp.br\/index.php?rest_route=%2Fwp%2Fv2%2Fcategories&post=13367"},{"taxonomy":"post_tag","embeddable":true,"href":"https:\/\/www.mpal.mp.br\/index.php?rest_route=%2Fwp%2Fv2%2Ftags&post=13367"}],"curies":[{"name":"wp","href":"https:\/\/api.w.org\/{rel}","templated":true}]}}