{"id":13357,"date":"2018-07-12T08:15:20","date_gmt":"2018-07-12T11:15:20","guid":{"rendered":"https:\/\/www.mpal.mp.br\/?p=13357"},"modified":"2022-07-25T08:19:26","modified_gmt":"2022-07-25T11:19:26","slug":"ampal-esmp-e-pgj-realizam-congresso-estadual-do-ministerio-publico","status":"publish","type":"post","link":"https:\/\/www.mpal.mp.br\/?p=13357","title":{"rendered":"Ampal, ESMP e PGJ realizam Congresso Estadual do Minist\u00e9rio P\u00fablico"},"content":{"rendered":"<p style=\"text-align: justify;\"><span style=\"font-size: 14pt;\"><strong>VII Congresso Estadual do Minist\u00e9rio P\u00fablico de Alagoas<\/strong><\/span><\/p>\n<p style=\"text-align: justify;\"><span style=\"font-size: 14pt;\"><strong>Tema: &#8220;Minist\u00e9rio P\u00fablico: Avan\u00e7os e Desafios no Enfrentamento \u00e0 Corrup\u00e7\u00e3o&#8221;<\/strong><\/span><\/p>\n<p style=\"text-align: justify;\"><span style=\"font-size: 14pt;\"><strong>De 27 a 30 de agosto de 2018<\/strong><\/span><\/p>\n<p style=\"text-align: justify;\"><span style=\"font-size: 14pt;\">Local: Centro Cultural e de Exposi\u00e7\u00f5es Ruth Cardoso<\/span><\/p>\n<p style=\"text-align: justify;\"><span style=\"font-size: 14pt;\">Inscri\u00e7\u00f5es: De 16 de julho de 2018 a 16 de agosto de 2018. Clique aqui para o cadastro\u00a0<a title=\"CongressoEstadualMP\" href=\"https:\/\/docs.google.com\/forms\/d\/e\/1FAIpQLSeupIhDCeEpRJxu6k4GZuQCsm2LNjm-WnQ0DUlivQYpOjeOVQ\/viewform\">(encurtador.com.br\/myTUZ\u00a0<\/a>). Posteriormente, vamos manter contato por telefone ou email para poder informar sobre a confirma\u00e7\u00e3o da presen\u00e7a.<\/span><\/p>\n<p style=\"text-align: justify;\"><span style=\"font-size: 14pt;\"><strong>PROGRAMA\u00c7\u00c3O:<\/strong><\/span><\/p>\n<p style=\"text-align: justify;\"><span style=\"font-size: 14pt;\"><strong>Dia 27 de agosto<\/strong><\/span><\/p>\n<p style=\"text-align: justify;\"><span style=\"font-size: 14pt;\">*19h &#8211; Abertura Solene<\/span><\/p>\n<p style=\"text-align: justify;\"><span style=\"font-size: 14pt;\">Alfredo Gaspar de Mendon\u00e7a Neto &#8211; Procurador-Geral de Justi\u00e7a do Minist\u00e9rio P\u00fablico do Estado de Alagoas<\/span><\/p>\n<p style=\"text-align: justify;\"><span style=\"font-size: 14pt;\">Fl\u00e1vio Gomes da Costa Neto &#8211; Presidente da Ampal<\/span><\/p>\n<p style=\"text-align: justify;\"><span style=\"font-size: 14pt;\">*19h30 \u2013 Palestra: \u201cLava Jato, Elei\u00e7\u00f5es e o Combate \u00e0 Corrup\u00e7\u00e3o\u201d<\/span><\/p>\n<p style=\"text-align: justify;\"><span style=\"font-size: 14pt;\">Palestrante: Deltan Martinazzo Dallagnol &#8211; Procurador da Rep\u00fablica<\/span><\/p>\n<p style=\"text-align: justify;\"><span style=\"font-size: 14pt;\"><strong>Dia 28 de agosto<\/strong><\/span><\/p>\n<p style=\"text-align: justify;\"><span style=\"font-size: 14pt;\">*19h \u2013 Momento solene<\/span><\/p>\n<p style=\"text-align: justify;\"><span style=\"font-size: 14pt;\">Alfredo Gaspar de Mendon\u00e7a Neto &#8211; Procurador-Geral de Justi\u00e7a do Minist\u00e9rio P\u00fablico do Estado de Alagoas<\/span><\/p>\n<p style=\"text-align: justify;\"><span style=\"font-size: 14pt;\">Fl\u00e1vio Gomes da Costa Neto &#8211; Presidente da Ampal<\/span><\/p>\n<p style=\"text-align: justify;\"><span style=\"font-size: 14pt;\">*19h30 \u2013 Palestra: \u201cO Minist\u00e9rio P\u00fablico e o combate \u00e0 Corrup\u00e7\u00e3o\u201d<\/span><\/p>\n<p style=\"text-align: justify;\"><span style=\"font-size: 14pt;\">Palestrante: Edilson Mougenot Bonfim &#8211; Procurador de Justi\u00e7a do Estado de S\u00e3o Paulo<\/span><\/p>\n<p style=\"text-align: justify;\"><span style=\"font-size: 14pt;\"><strong>Dia 29 de agosto<\/strong><\/span><\/p>\n<p style=\"text-align: justify;\"><span style=\"font-size: 14pt;\">9h \u2013 Palestra: \u201cO Enfrentamento \u00e0 Corrup\u00e7\u00e3o por meio da investiga\u00e7\u00e3o criminal no Minist\u00e9rio P\u00fablico\u201d<\/span><\/p>\n<p style=\"text-align: justify;\"><span style=\"font-size: 14pt;\">Palestrante: Arthur Pinto de Lemos J\u00fanior &#8211; Promotor de Justi\u00e7a e Coordenador de Centro de Apoio Criminal do Estado de S\u00e3o Paulo<\/span><\/p>\n<p style=\"text-align: justify;\"><span style=\"font-size: 14pt;\">14h \u2013 Palestra: \u201cContexto atual de combate \u00e0 corrup\u00e7\u00e3o no Estado Brasileiro &#8211; O MP e os desafios institucionais\u201d<\/span><\/p>\n<p style=\"text-align: justify;\"><span style=\"font-size: 14pt;\">Palestrante: Ivana Farina Navarrete Pena &#8211; Procuradora de Justi\u00e7a de Goi\u00e1s\/Secret\u00e1ria de Direitos Humanos e Defesa Coletiva do CNMP<\/span><\/p>\n<p style=\"text-align: justify;\"><span style=\"font-size: 14pt;\"><strong>Dia 30 de agosto (Manh\u00e3 &#8211; Das 9h \u00e0s 12h \/ Tarde &#8211; Das 14h \u00e0s 17h30)<\/strong><\/span><\/p>\n<p style=\"text-align: justify;\"><span style=\"font-size: 14pt;\">AULA PR\u00c1TICA: \u201cExplana\u00e7\u00e3o sobre a tem\u00e1tica em crimes cibern\u00e9ticos visando o aprimoramento da atua\u00e7\u00e3o do Minist\u00e9rio P\u00fablico de Alagoas\u201d<\/span><\/p>\n<p style=\"text-align: justify;\"><span style=\"font-size: 14pt;\">Palestrante: Fabr\u00edcio Patury &#8211; Promotor de Justi\u00e7a do Estado da Bahia<\/span><\/p>\n","protected":false},"excerpt":{"rendered":"<p> [&hellip;]<\/p>\n","protected":false},"author":4,"featured_media":13358,"comment_status":"open","ping_status":"open","sticky":false,"template":"","format":"standard","meta":{"om_disable_all_campaigns":false,"_monsterinsights_skip_tracking":false,"_monsterinsights_sitenote_active":false,"_monsterinsights_sitenote_note":"","_monsterinsights_sitenote_category":0,"_uf_show_specific_survey":0,"_uf_disable_surveys":false,"footnotes":""},"categories":[19,2],"tags":[],"class_list":["post-13357","post","type-post","status-publish","format-standard","has-post-thumbnail","hentry","category-not_esmp","category-not_mpal"],"aioseo_notices":[],"_links":{"self":[{"href":"https:\/\/www.mpal.mp.br\/index.php?rest_route=\/wp\/v2\/posts\/13357","targetHints":{"allow":["GET"]}}],"collection":[{"href":"https:\/\/www.mpal.mp.br\/index.php?rest_route=\/wp\/v2\/posts"}],"about":[{"href":"https:\/\/www.mpal.mp.br\/index.php?rest_route=\/wp\/v2\/types\/post"}],"author":[{"embeddable":true,"href":"https:\/\/www.mpal.mp.br\/index.php?rest_route=\/wp\/v2\/users\/4"}],"replies":[{"embeddable":true,"href":"https:\/\/www.mpal.mp.br\/index.php?rest_route=%2Fwp%2Fv2%2Fcomments&post=13357"}],"version-history":[{"count":2,"href":"https:\/\/www.mpal.mp.br\/index.php?rest_route=\/wp\/v2\/posts\/13357\/revisions"}],"predecessor-version":[{"id":13362,"href":"https:\/\/www.mpal.mp.br\/index.php?rest_route=\/wp\/v2\/posts\/13357\/revisions\/13362"}],"wp:featuredmedia":[{"embeddable":true,"href":"https:\/\/www.mpal.mp.br\/index.php?rest_route=\/wp\/v2\/media\/13358"}],"wp:attachment":[{"href":"https:\/\/www.mpal.mp.br\/index.php?rest_route=%2Fwp%2Fv2%2Fmedia&parent=13357"}],"wp:term":[{"taxonomy":"category","embeddable":true,"href":"https:\/\/www.mpal.mp.br\/index.php?rest_route=%2Fwp%2Fv2%2Fcategories&post=13357"},{"taxonomy":"post_tag","embeddable":true,"href":"https:\/\/www.mpal.mp.br\/index.php?rest_route=%2Fwp%2Fv2%2Ftags&post=13357"}],"curies":[{"name":"wp","href":"https:\/\/api.w.org\/{rel}","templated":true}]}}