{"id":13305,"date":"2012-03-27T09:19:29","date_gmt":"2012-03-27T12:19:29","guid":{"rendered":"https:\/\/www.mpal.mp.br\/?p=13305"},"modified":"2022-07-22T09:22:03","modified_gmt":"2022-07-22T12:22:03","slug":"curso-na-area-de-elaboracao-e-gerenciamento-de-projetos-e-programas","status":"publish","type":"post","link":"https:\/\/www.mpal.mp.br\/?p=13305","title":{"rendered":"Curso na \u00e1rea de elabora\u00e7\u00e3o e gerenciamento de projetos e programas"},"content":{"rendered":"<p style=\"text-align: justify;\"><span style=\"font-size: 14pt;\">Est\u00e3o abertas as inscri\u00e7\u00f5es para o Curso de Introdu\u00e7\u00e3o \u00e0 Elabora\u00e7\u00e3o e ao Gerenciamento de Projetos, com \u00eanfase em programas e projetos estrat\u00e9gicos, organizado pelo Minist\u00e9rio P\u00fablico Estadual em parceria com a Fundepes. O p\u00fablico-alvo s\u00e3o membros e servidores do MPE que buscam qualifica\u00e7\u00e3o na \u00e1rea de gest\u00e3o. Ser\u00e3o pelo menos duas turmas \u2013 a primeira com in\u00edcio no dia 13 de abril (sexta-feira) e as seguintes ap\u00f3s o recesso do meio do ano. As aulas ser\u00e3o ministradas no pr\u00e9dio-sede da Escola Superior do Minist\u00e9rio P\u00fablico. O curso tem carga hor\u00e1ria de 40h, com 04 horas de aula por semana, \u00e0s segundas-feiras, de 8h \u00e0s 12h, para 20 alunos<\/span><\/p>\n<p style=\"text-align: justify;\"><span style=\"font-size: 14pt;\">De acordo com o promotor de Justi\u00e7a Humberto Pimentel, este curso \u00e9 uma decorr\u00eancia do que est\u00e1 previsto no Plano Estrat\u00e9gico 2011-2022. Os planos de longo prazo s\u00e3o concretizados mediante projetos e programas dotados de rigor t\u00e9cnico. Membros e servidores da Institui\u00e7\u00e3o estar\u00e3o, cada vez mais, envolvidos com a elabora\u00e7\u00e3o e o gerenciamento de iniciativas estrat\u00e9gicas: projetos ou programas.<\/span><\/p>\n<p style=\"text-align: justify;\"><span style=\"font-size: 14pt;\">As inscri\u00e7\u00f5es podem ser feitas no setor de Planejamento e Gest\u00e3o Estrat\u00e9gica, com o servidor Willams Ferreira. Mais informa\u00e7\u00f5es pelo telefone 2122-3514. Todo o conte\u00fado program\u00e1tico do curso pode ser visto acessando o link abaixo.<\/span><\/p>\n","protected":false},"excerpt":{"rendered":"<p> [&hellip;]<\/p>\n","protected":false},"author":4,"featured_media":13306,"comment_status":"open","ping_status":"open","sticky":false,"template":"","format":"standard","meta":{"om_disable_all_campaigns":false,"_monsterinsights_skip_tracking":false,"_monsterinsights_sitenote_active":false,"_monsterinsights_sitenote_note":"","_monsterinsights_sitenote_category":0,"_uf_show_specific_survey":0,"_uf_disable_surveys":false,"footnotes":""},"categories":[2],"tags":[],"class_list":["post-13305","post","type-post","status-publish","format-standard","has-post-thumbnail","hentry","category-not_mpal"],"aioseo_notices":[],"_links":{"self":[{"href":"https:\/\/www.mpal.mp.br\/index.php?rest_route=\/wp\/v2\/posts\/13305","targetHints":{"allow":["GET"]}}],"collection":[{"href":"https:\/\/www.mpal.mp.br\/index.php?rest_route=\/wp\/v2\/posts"}],"about":[{"href":"https:\/\/www.mpal.mp.br\/index.php?rest_route=\/wp\/v2\/types\/post"}],"author":[{"embeddable":true,"href":"https:\/\/www.mpal.mp.br\/index.php?rest_route=\/wp\/v2\/users\/4"}],"replies":[{"embeddable":true,"href":"https:\/\/www.mpal.mp.br\/index.php?rest_route=%2Fwp%2Fv2%2Fcomments&post=13305"}],"version-history":[{"count":1,"href":"https:\/\/www.mpal.mp.br\/index.php?rest_route=\/wp\/v2\/posts\/13305\/revisions"}],"predecessor-version":[{"id":13307,"href":"https:\/\/www.mpal.mp.br\/index.php?rest_route=\/wp\/v2\/posts\/13305\/revisions\/13307"}],"wp:featuredmedia":[{"embeddable":true,"href":"https:\/\/www.mpal.mp.br\/index.php?rest_route=\/wp\/v2\/media\/13306"}],"wp:attachment":[{"href":"https:\/\/www.mpal.mp.br\/index.php?rest_route=%2Fwp%2Fv2%2Fmedia&parent=13305"}],"wp:term":[{"taxonomy":"category","embeddable":true,"href":"https:\/\/www.mpal.mp.br\/index.php?rest_route=%2Fwp%2Fv2%2Fcategories&post=13305"},{"taxonomy":"post_tag","embeddable":true,"href":"https:\/\/www.mpal.mp.br\/index.php?rest_route=%2Fwp%2Fv2%2Ftags&post=13305"}],"curies":[{"name":"wp","href":"https:\/\/api.w.org\/{rel}","templated":true}]}}