{"id":13286,"date":"2013-08-23T08:59:44","date_gmt":"2013-08-23T11:59:44","guid":{"rendered":"https:\/\/www.mpal.mp.br\/?p=13286"},"modified":"2022-07-22T09:02:15","modified_gmt":"2022-07-22T12:02:15","slug":"comite-de-gestao-estrategica-do-mpe-discute-a-elaboracao-do-plano-geral-de-atuacao-para-2014-e-2015","status":"publish","type":"post","link":"https:\/\/www.mpal.mp.br\/?p=13286","title":{"rendered":"Comit\u00ea de Gest\u00e3o Estrat\u00e9gica do MPE discute a elabora\u00e7\u00e3o do Plano Geral de Atua\u00e7\u00e3o para 2014 e 2015"},"content":{"rendered":"<p style=\"text-align: justify;\"><span style=\"font-size: 14pt;\">O Comit\u00ea de Gest\u00e3o Estrat\u00e9gica do Minist\u00e9rio P\u00fablico Estadual (MPE) realizou na manh\u00e3 desta sexta-feira (23), reuni\u00e3o preparat\u00f3ria com integrantes do Comit\u00ea e respons\u00e1veis pelas \u00e1reas de atua\u00e7\u00e3o do Plano Estrat\u00e9gico. O objetivo foi apresentar o funcionamento das futuras reuni\u00f5es de an\u00e1lise estrat\u00e9gica, a constru\u00e7\u00e3o de indicadores do objetivo estrat\u00e9gico e dos projetos. Foi pauta de discuss\u00e3o, a elabora\u00e7\u00e3o do Plano Geral de Atua\u00e7\u00e3o (PGA) para os anos de 2014 e 2015.<\/span><\/p>\n<p style=\"text-align: justify;\"><span style=\"font-size: 14pt;\">O Comit\u00e9 de Gest\u00e3o Estrat\u00e9gica avaliar\u00e1 os trabalhos desenvolvidos pelos gestores com a finalidade de garantir a execu\u00e7\u00e3o da estrat\u00e9gia e a integra\u00e7\u00e3o entre as diversas \u00e1reas especializadas de atua\u00e7\u00e3o do MPE, envolvendo a capital e o interior do estado. Caber\u00e1 tamb\u00e9m ao comit\u00ea, aprofundar o conhecimento das estrat\u00e9gias, manter a credibilidade do projeto e a capacidade de tomada de decis\u00e3o, al\u00e9m de garantir o compromisso com a formula\u00e7\u00e3o e implementa\u00e7\u00e3o do modelo de gest\u00e3o.<\/span><\/p>\n<p style=\"text-align: justify;\"><span style=\"font-size: 14pt;\">\u201cO Comit\u00ea de Gest\u00e3o estrat\u00e9gica \u00e9 um \u00f3rg\u00e3o que tem a miss\u00e3o de auxiliar o procurador-geral de Justi\u00e7a na tomada de macro decis\u00f5es, oferecendo as informa\u00e7\u00f5es necess\u00e1rias.\u201d explica o assessor de Planejamento e Gest\u00e3o Estrat\u00e9gica, Humberto Pimentel.<\/span><\/p>\n<p style=\"text-align: justify;\"><span style=\"font-size: 14pt;\">Ap\u00f3s a elabora\u00e7\u00e3o dos programas e projetos, o Comit\u00ea dever\u00e1 reunir-se, trimestralmente, por meio de Reuni\u00f5es de An\u00e1lises Estrat\u00e9gicas, com o objetivo de monitorar a execu\u00e7\u00e3o do Plano Geral. Na ocasi\u00e3o, o comit\u00ea se reunir\u00e1 para discutir o andamento das iniciativas em execu\u00e7\u00e3o e os gestores ter\u00e3o a oportunidade de expor a situa\u00e7\u00e3o da \u00e1rea em que atua. Entre os pontos de avalia\u00e7\u00e3o, est\u00e3o o cumprimento das metas, a dificuldade para a execu\u00e7\u00e3o dos projetos e as eventuais necessidades de alter\u00e1-lo.<\/span><\/p>\n","protected":false},"excerpt":{"rendered":"<p> [&hellip;]<\/p>\n","protected":false},"author":4,"featured_media":13287,"comment_status":"open","ping_status":"open","sticky":false,"template":"","format":"standard","meta":{"om_disable_all_campaigns":false,"_monsterinsights_skip_tracking":false,"_monsterinsights_sitenote_active":false,"_monsterinsights_sitenote_note":"","_monsterinsights_sitenote_category":0,"_uf_show_specific_survey":0,"_uf_disable_surveys":false,"footnotes":""},"categories":[2],"tags":[],"class_list":["post-13286","post","type-post","status-publish","format-standard","has-post-thumbnail","hentry","category-not_mpal"],"aioseo_notices":[],"_links":{"self":[{"href":"https:\/\/www.mpal.mp.br\/index.php?rest_route=\/wp\/v2\/posts\/13286","targetHints":{"allow":["GET"]}}],"collection":[{"href":"https:\/\/www.mpal.mp.br\/index.php?rest_route=\/wp\/v2\/posts"}],"about":[{"href":"https:\/\/www.mpal.mp.br\/index.php?rest_route=\/wp\/v2\/types\/post"}],"author":[{"embeddable":true,"href":"https:\/\/www.mpal.mp.br\/index.php?rest_route=\/wp\/v2\/users\/4"}],"replies":[{"embeddable":true,"href":"https:\/\/www.mpal.mp.br\/index.php?rest_route=%2Fwp%2Fv2%2Fcomments&post=13286"}],"version-history":[{"count":1,"href":"https:\/\/www.mpal.mp.br\/index.php?rest_route=\/wp\/v2\/posts\/13286\/revisions"}],"predecessor-version":[{"id":13288,"href":"https:\/\/www.mpal.mp.br\/index.php?rest_route=\/wp\/v2\/posts\/13286\/revisions\/13288"}],"wp:featuredmedia":[{"embeddable":true,"href":"https:\/\/www.mpal.mp.br\/index.php?rest_route=\/wp\/v2\/media\/13287"}],"wp:attachment":[{"href":"https:\/\/www.mpal.mp.br\/index.php?rest_route=%2Fwp%2Fv2%2Fmedia&parent=13286"}],"wp:term":[{"taxonomy":"category","embeddable":true,"href":"https:\/\/www.mpal.mp.br\/index.php?rest_route=%2Fwp%2Fv2%2Fcategories&post=13286"},{"taxonomy":"post_tag","embeddable":true,"href":"https:\/\/www.mpal.mp.br\/index.php?rest_route=%2Fwp%2Fv2%2Ftags&post=13286"}],"curies":[{"name":"wp","href":"https:\/\/api.w.org\/{rel}","templated":true}]}}