{"id":13284,"date":"2014-05-02T08:56:46","date_gmt":"2014-05-02T11:56:46","guid":{"rendered":"https:\/\/www.mpal.mp.br\/?p=13284"},"modified":"2022-07-22T08:59:38","modified_gmt":"2022-07-22T11:59:38","slug":"projetos-estrategicos-de-improbidade-e-saude-apresentam-primeiros-resultados","status":"publish","type":"post","link":"https:\/\/www.mpal.mp.br\/?p=13284","title":{"rendered":"Projetos estrat\u00e9gicos de improbidade e sa\u00fade apresentam primeiros resultados"},"content":{"rendered":"<p style=\"text-align: justify;\"><span style=\"font-size: 14pt;\">O Minist\u00e9rio P\u00fablico do Estado de Alagoas\u00a0(MPE\/AL)\u00a0possui hoje\u00a0algumas\u00a0iniciativas estrat\u00e9gicas em\u00a0andamento.\u00a0Dentre elas, destacam-se\u00a0os projetos\u00a0\u201cGrupo de Trabalho\u00a0de Combate \u00e0 Improbidade Administrativa\u201d\u00a0e o\u00a0\u201cGrupo de Trabalho\u00a0de Defesa da Sa\u00fade P\u00fablica\u201d. Os dois projetos s\u00e3o acompanhados pela Assessoria de Planejamento e Gest\u00e3o Estrat\u00e9gica\u00a0(Asplage), por meio do Escrit\u00f3rio de Projetos Estrat\u00e9gicos,\u00a0que tem\u00a0\u00e0\u00a0frente\u00a0a analista do\u00a0MPE\/AL\u00a0Renata Teixeira Cavalcante.<\/span><\/p>\n<p style=\"text-align: justify;\"><span style=\"font-size: 14pt;\">O Grupo de Trabalho (GT) de Combate \u00e0 Improbidade Administrativa, cujo escopo encontra-se definido no projeto 03\/2013-MPE\/AL, nasceu com o objetivo de impulsionar as a\u00e7\u00f5es na defesa da probidade da gest\u00e3o p\u00fablica. A primeira etapa do projeto consistiu na realiza\u00e7\u00e3o do diagn\u00f3stico das a\u00e7\u00f5es e procedimentos alvos da atua\u00e7\u00e3o do GT. Uma vez identificadas as a\u00e7\u00f5es, passou-se para a etapa de divulga\u00e7\u00e3o da possibilidade de atua\u00e7\u00e3o conjunta do Grupo com os \u00f3rg\u00e3os de execu\u00e7\u00e3o para impulsionamento efetivo dos atos.<\/span><\/p>\n<p style=\"text-align: justify;\"><span style=\"font-size: 14pt;\">J\u00e1 houve o deferimento de v\u00e1rios pedidos de apoio do GT, que atualmente tem atuado sobre as a\u00e7\u00f5es e procedimentos investigat\u00f3rios propostos at\u00e9 dezembro de 2012, buscando a celeridade na tramita\u00e7\u00e3o\u00a0deles. S\u00e3o resultados das a\u00e7\u00f5es implementadas at\u00e9 esta etapa o relat\u00f3rio do diagn\u00f3stico, que demonstra o quantitativo das a\u00e7\u00f5es de improbidade propostas no Estado, a distribui\u00e7\u00e3o pelos munic\u00edpios e o atual status delas no \u00e2mbito do Judici\u00e1rio.<\/span><\/p>\n<p style=\"text-align: justify;\"><span style=\"font-size: 14pt;\">Encontra-se tamb\u00e9m em fase de finaliza\u00e7\u00e3o o \u201cmapa da improbidade\u201d, que estar\u00e1 dispon\u00edvel no portal do MPE\/AL e possibilitar\u00e1 a consulta das a\u00e7\u00f5es de improbidade administrativa existentes em cada munic\u00edpio.<\/span><\/p>\n<p style=\"text-align: justify;\"><span style=\"font-size: 14pt;\">\u201cO resultado desse trabalho deve proporcionar o julgamento das a\u00e7\u00f5es que est\u00e3o em aberto visando oferecer\u00a0\u00e0\u00a0sociedade uma maior efetividade no seu importante papel de defesa do patrim\u00f4nio p\u00fablico e no combate a corrup\u00e7\u00e3o\u201d, explicou o coordenador do GT,\u00a0promotor de Justi\u00e7a Jos\u00e9 Carlos Castro.<\/span><\/p>\n<p style=\"text-align: justify;\"><span style=\"font-size: 14pt;\"><strong>GT de Defesa da Sa\u00fade<\/strong><\/span><\/p>\n<p style=\"text-align: justify;\"><span style=\"font-size: 14pt;\">O GT de Defesa da Sa\u00fade P\u00fablica foi criado com o objetivo de aprimorar a gest\u00e3o e a adequa\u00e7\u00e3o das a\u00e7\u00f5es e servi\u00e7os de sa\u00fade prestados nos munic\u00edpios alagoanos, coordenado pela promotora de Justi\u00e7a Micheline Ten\u00f3rio.<\/span><\/p>\n<p style=\"text-align: justify;\"><span style=\"font-size: 14pt;\">Ap\u00f3s diagn\u00f3stico realizado pelo grupo foram selecionados 10 munic\u00edpios, um para cada regi\u00e3o de sa\u00fade do Estado, para atua\u00e7\u00e3o do GT. Haver\u00e1 reuni\u00f5es com os promotores naturais das cidades para discutir as a\u00e7\u00f5es da equipe.<\/span><\/p>\n<p style=\"text-align: justify;\"><span style=\"font-size: 14pt;\">\u201cO\u00a0grupo foi idealizado por conta da necessidade de se implementar maior efici\u00eancia e celeridade na defesa da sa\u00fade p\u00fablica. \u00c9 por essa causa que vamos intensificar o trabalho nessa \u00e1rea\u201d, afirmou a coordenadora do GT, Micheline Ten\u00f3rio.<\/span><\/p>\n<p style=\"text-align: justify;\"><span style=\"font-size: 14pt;\">Depois dessa etapa, entre abril e junho, o GT da Sa\u00fade ter\u00e1 a miss\u00e3o de elaborar termos de ajustamento de conduta ou recomenda\u00e7\u00f5es, em conjunto com os \u00f3rg\u00e3os naturais de execu\u00e7\u00e3o interessados no apoio do Grupo de Trabalho, de acordo com as especificidades de cada caso, com o estabelecimento de prazos para a implementa\u00e7\u00e3o das medidas necess\u00e1rias.<\/span><\/p>\n<p style=\"text-align: justify;\"><span style=\"font-size: 14pt;\">Em seguida, at\u00e9 setembro, a miss\u00e3o ser\u00e1 a de verifica\u00e7\u00e3o do cumprimento dos TACs, conforme forem expirando os prazos estipulados. J\u00e1 at\u00e9 dezembro, dever\u00e1 ocorrer o ajuizamento, em conjunto com os promotores naturais, das a\u00e7\u00f5es civis p\u00fablicas referentes ao descumprimento dos termos firmados ou das recomenda\u00e7\u00f5es expedidas. Um relat\u00f3rio final dever\u00e1 ser produzido e entregue ao procurador-geral de Justi\u00e7a.<\/span><\/p>\n","protected":false},"excerpt":{"rendered":"<p> [&hellip;]<\/p>\n","protected":false},"author":4,"featured_media":13130,"comment_status":"open","ping_status":"open","sticky":false,"template":"","format":"standard","meta":{"om_disable_all_campaigns":false,"_monsterinsights_skip_tracking":false,"_monsterinsights_sitenote_active":false,"_monsterinsights_sitenote_note":"","_monsterinsights_sitenote_category":0,"_uf_show_specific_survey":0,"_uf_disable_surveys":false,"footnotes":""},"categories":[2],"tags":[],"class_list":["post-13284","post","type-post","status-publish","format-standard","has-post-thumbnail","hentry","category-not_mpal"],"aioseo_notices":[],"_links":{"self":[{"href":"https:\/\/www.mpal.mp.br\/index.php?rest_route=\/wp\/v2\/posts\/13284","targetHints":{"allow":["GET"]}}],"collection":[{"href":"https:\/\/www.mpal.mp.br\/index.php?rest_route=\/wp\/v2\/posts"}],"about":[{"href":"https:\/\/www.mpal.mp.br\/index.php?rest_route=\/wp\/v2\/types\/post"}],"author":[{"embeddable":true,"href":"https:\/\/www.mpal.mp.br\/index.php?rest_route=\/wp\/v2\/users\/4"}],"replies":[{"embeddable":true,"href":"https:\/\/www.mpal.mp.br\/index.php?rest_route=%2Fwp%2Fv2%2Fcomments&post=13284"}],"version-history":[{"count":1,"href":"https:\/\/www.mpal.mp.br\/index.php?rest_route=\/wp\/v2\/posts\/13284\/revisions"}],"predecessor-version":[{"id":13285,"href":"https:\/\/www.mpal.mp.br\/index.php?rest_route=\/wp\/v2\/posts\/13284\/revisions\/13285"}],"wp:featuredmedia":[{"embeddable":true,"href":"https:\/\/www.mpal.mp.br\/index.php?rest_route=\/wp\/v2\/media\/13130"}],"wp:attachment":[{"href":"https:\/\/www.mpal.mp.br\/index.php?rest_route=%2Fwp%2Fv2%2Fmedia&parent=13284"}],"wp:term":[{"taxonomy":"category","embeddable":true,"href":"https:\/\/www.mpal.mp.br\/index.php?rest_route=%2Fwp%2Fv2%2Fcategories&post=13284"},{"taxonomy":"post_tag","embeddable":true,"href":"https:\/\/www.mpal.mp.br\/index.php?rest_route=%2Fwp%2Fv2%2Ftags&post=13284"}],"curies":[{"name":"wp","href":"https:\/\/api.w.org\/{rel}","templated":true}]}}