{"id":13275,"date":"2014-05-23T08:53:33","date_gmt":"2014-05-23T11:53:33","guid":{"rendered":"https:\/\/www.mpal.mp.br\/?p=13275"},"modified":"2022-07-22T08:56:41","modified_gmt":"2022-07-22T11:56:41","slug":"cnmp-debate-atencao-basica-em-saude-durante-encontro-nacional-no-maranhao","status":"publish","type":"post","link":"https:\/\/www.mpal.mp.br\/?p=13275","title":{"rendered":"CNMP debate aten\u00e7\u00e3o b\u00e1sica em sa\u00fade durante encontro nacional no Maranh\u00e3o"},"content":{"rendered":"<p style=\"text-align: justify;\" align=\"justify\"><span style=\"font-size: 14pt;\">Nos dias 27 e 28 de maio, o Conselho Nacional do Minist\u00e9rio P\u00fablico (CNMP), por meio da Comiss\u00e3o de Defesa dos Direitos Fundamentais, realiza um encontro nacional em S\u00e3o Lu\u00eds (MA) com o tema<em>\u00a0MP em defesa do acesso e da qualidade da Aten\u00e7\u00e3o B\u00e1sica em Sa\u00fade<\/em>. A atividade integra uma s\u00e9rie de dez eventos promovidos pela A\u00e7\u00e3o Nacional \u2013 Multiplicando Estrat\u00e9gias do CNMP.<\/span><\/p>\n<p style=\"text-align: justify;\" align=\"justify\"><span style=\"font-size: 14pt;\">O encontro na capital maranhense visa contribuir com o aperfei\u00e7oamento funcional e fomentar a atua\u00e7\u00e3o proativa, preventiva, efetiva e resolutiva do Minist\u00e9rio P\u00fablico brasileiro na fiscaliza\u00e7\u00e3o de execu\u00e7\u00e3o das pol\u00edticas p\u00fablicas da aten\u00e7\u00e3o b\u00e1sica. Desse modo, o CNMP atua em defesa da melhoria da presta\u00e7\u00e3o de a\u00e7\u00f5es e servi\u00e7os nas Unidades B\u00e1sicas de Sa\u00fade.<\/span><\/p>\n<p style=\"text-align: justify;\" align=\"justify\"><span style=\"font-size: 14pt;\">Este \u00e9 o segundo encontro nacional da Comiss\u00e3o de Defesa dos Direitos Fundamentais, que j\u00e1 debateu o enfrentamento ao racismo em Recife. Pelo agrupamento, ainda ser\u00e3o debatidos o combate ao uso indiscriminado de agrot\u00f3xicos, a defesa do Estado laico e dos direitos do LGBT e a transpar\u00eancia de estados e munic\u00edpios.<\/span><\/p>\n<p style=\"text-align: justify;\" align=\"justify\"><span style=\"font-size: 14pt;\">J\u00e1 pela Comiss\u00e3o da Inf\u00e2ncia e Juventude, o CNMP promove atividades relacionadas ao Sistema Nacional de Atendimento Socioeducativo (Sinase), educa\u00e7\u00e3o infantil e educa\u00e7\u00e3o inclusiva. A Comiss\u00e3o do Sistema Prisional, Controle Externo da Atividade Policial e Seguran\u00e7a P\u00fablica trabalhar\u00e1 os temas execu\u00e7\u00e3o penal e gest\u00e3o.<\/span><\/p>\n<p style=\"text-align: justify;\" align=\"justify\"><span style=\"font-size: 14pt;\"><strong>A\u00e7\u00e3o Nacional<\/strong><\/span><\/p>\n<p style=\"text-align: justify;\" align=\"justify\"><span style=\"font-size: 14pt;\">A A\u00e7\u00e3o Nacional \u2013 Multiplicando Estrat\u00e9gias tem como principal objetivo promover a unidade e integra\u00e7\u00e3o do Minist\u00e9rio P\u00fablico brasileiro, dando efetividade aos objetivos definidos para a terceira fase do Planejamento Estrat\u00e9gico Nacional. O CNMP coordenar\u00e1 a divulga\u00e7\u00e3o e poss\u00edvel implementa\u00e7\u00e3o nacional de projetos inseridos no Banco Nacional de Projeto a fim de aprimorar a atua\u00e7\u00e3o institucional.<\/span><\/p>\n<p style=\"text-align: justify;\" align=\"justify\"><span style=\"font-size: 14pt;\">\u201cA ades\u00e3o volunt\u00e1ria aos projetos nacionais, devidamente monitorados por meio de indicadores previamente definidos, contribuir\u00e1 para o reconhecimento do Minist\u00e9rio P\u00fablico como agente de transforma\u00e7\u00e3o social e essencial \u00e0 preserva\u00e7\u00e3o da ordem jur\u00eddica e do regime democr\u00e1tico\u201d, disse o presidente do CNMP e procurador-geral da Rep\u00fablica, Rodrigo Janot Monteiro de Barros, em comunica\u00e7\u00e3o enviada ao Minist\u00e9rio P\u00fablico do Estado de Alagoas.<\/span><\/p>\n<p style=\"text-align: justify;\" align=\"justify\"><span style=\"font-size: 14pt;\">Em 2011, o Conselho Nacional lan\u00e7ou o Mapa Estrat\u00e9gico Nacional, em que se definiu o caminho a ser percorrido pelo Minist\u00e9rio P\u00fablico brasileiro. O CNMP prev\u00ea a promo\u00e7\u00e3o de 18 a\u00e7\u00f5es nacionais que t\u00eam como finalidade a concretiza\u00e7\u00e3o dos resultados institucionais previstos pelo mapa. A execu\u00e7\u00e3o das a\u00e7\u00f5es ocorrer\u00e1 por meio de projetos e processos monitorados por indicadores e atua\u00e7\u00e3o em rede.<\/span><\/p>\n","protected":false},"excerpt":{"rendered":"<p> [&hellip;]<\/p>\n","protected":false},"author":4,"featured_media":13279,"comment_status":"open","ping_status":"open","sticky":false,"template":"","format":"standard","meta":{"om_disable_all_campaigns":false,"_monsterinsights_skip_tracking":false,"_monsterinsights_sitenote_active":false,"_monsterinsights_sitenote_note":"","_monsterinsights_sitenote_category":0,"_uf_show_specific_survey":0,"_uf_disable_surveys":false,"footnotes":""},"categories":[2],"tags":[],"class_list":["post-13275","post","type-post","status-publish","format-standard","has-post-thumbnail","hentry","category-not_mpal"],"aioseo_notices":[],"_links":{"self":[{"href":"https:\/\/www.mpal.mp.br\/index.php?rest_route=\/wp\/v2\/posts\/13275","targetHints":{"allow":["GET"]}}],"collection":[{"href":"https:\/\/www.mpal.mp.br\/index.php?rest_route=\/wp\/v2\/posts"}],"about":[{"href":"https:\/\/www.mpal.mp.br\/index.php?rest_route=\/wp\/v2\/types\/post"}],"author":[{"embeddable":true,"href":"https:\/\/www.mpal.mp.br\/index.php?rest_route=\/wp\/v2\/users\/4"}],"replies":[{"embeddable":true,"href":"https:\/\/www.mpal.mp.br\/index.php?rest_route=%2Fwp%2Fv2%2Fcomments&post=13275"}],"version-history":[{"count":1,"href":"https:\/\/www.mpal.mp.br\/index.php?rest_route=\/wp\/v2\/posts\/13275\/revisions"}],"predecessor-version":[{"id":13281,"href":"https:\/\/www.mpal.mp.br\/index.php?rest_route=\/wp\/v2\/posts\/13275\/revisions\/13281"}],"wp:featuredmedia":[{"embeddable":true,"href":"https:\/\/www.mpal.mp.br\/index.php?rest_route=\/wp\/v2\/media\/13279"}],"wp:attachment":[{"href":"https:\/\/www.mpal.mp.br\/index.php?rest_route=%2Fwp%2Fv2%2Fmedia&parent=13275"}],"wp:term":[{"taxonomy":"category","embeddable":true,"href":"https:\/\/www.mpal.mp.br\/index.php?rest_route=%2Fwp%2Fv2%2Fcategories&post=13275"},{"taxonomy":"post_tag","embeddable":true,"href":"https:\/\/www.mpal.mp.br\/index.php?rest_route=%2Fwp%2Fv2%2Ftags&post=13275"}],"curies":[{"name":"wp","href":"https:\/\/api.w.org\/{rel}","templated":true}]}}