{"id":13214,"date":"2014-08-06T08:24:01","date_gmt":"2014-08-06T11:24:01","guid":{"rendered":"https:\/\/www.mpal.mp.br\/?p=13214"},"modified":"2022-07-22T08:40:55","modified_gmt":"2022-07-22T11:40:55","slug":"execucao-do-pga-asplage-facilita-1a-reuniao-de-analise-estrategica","status":"publish","type":"post","link":"https:\/\/www.mpal.mp.br\/?p=13214","title":{"rendered":"Execu\u00e7\u00e3o do PGA: Asplage facilita 1\u00aa Reuni\u00e3o de An\u00e1lise Estrat\u00e9gica"},"content":{"rendered":"<p style=\"text-align: justify;\"><span style=\"font-size: 14pt;\">A gest\u00e3o estrat\u00e9gica do Minist\u00e9rio P\u00fablico do Estado de Alagoas (MPE\/AL) avan\u00e7ou na execu\u00e7\u00e3o das metas do Plano Geral de Atua\u00e7\u00e3o (PGA) 2014-2015 com a realiza\u00e7\u00e3o da 1\u00aa Reuni\u00e3o de An\u00e1lise Estrat\u00e9gica (RAE), na sexta-feira (01). Na ocasi\u00e3o, foram apresentados ao procurador-geral de Justi\u00e7a, S\u00e9rgio Juc\u00e1, os indicadores, as metas e o cronograma de execu\u00e7\u00e3o das a\u00e7\u00f5es de todos os objetivos estrat\u00e9gicos da \u00e1rea-meio.<\/span><\/p>\n<p style=\"text-align: justify;\"><span style=\"font-size: 14pt;\">Coube \u00e0 Assessoria de Planejamento e Gest\u00e3o Estrat\u00e9gica (Asplage) facilitar o encontro, que contou com a participa\u00e7\u00e3o de servidores e membros da institui\u00e7\u00e3o. Os integrantes do Comit\u00ea de Gest\u00e3o Estrat\u00e9gica respons\u00e1veis pelas iniciativas da \u00e1rea-fim tamb\u00e9m estiveram presentes, por\u00e9m s\u00f3 apresentar\u00e3o os dados dos seus objetivos estrat\u00e9gicos na segunda reuni\u00e3o, que deve acontecer em novembro.<\/span><\/p>\n<p style=\"text-align: justify;\"><span style=\"font-size: 14pt;\">O promotor de Justi\u00e7a Humberto Pimentel, que comanda a Asplage, destacou o car\u00e1ter pedag\u00f3gico da 1\u00aa RAE, uma vez que ela se prop\u00f4s a apresentar \u00e0 gest\u00e3o do MPE\/AL quais ser\u00e3o as pr\u00f3ximas a\u00e7\u00f5es de cada objetivo estrat\u00e9gico. Ele afirma que, no segundo encontro, ser\u00e3o apresentados n\u00fameros de in\u00edcio de trabalho e n\u00e3o hip\u00f3teses como ocorreu dessa vez. Humberto Pimentel tamb\u00e9m destaca a import\u00e2ncia da plataforma digital JaguarWeb no acompanhamento da execu\u00e7\u00e3o do PGA.<\/span><\/p>\n<p style=\"text-align: justify;\"><span style=\"font-size: 14pt;\">\u201cA Procuradoria-Geral de Justi\u00e7a ter\u00e1 acesso a todos os gr\u00e1ficos das iniciativas estrat\u00e9gicas por meio de reuni\u00f5es e da plataforma. Com os dados, a Chefia do Minist\u00e9rio P\u00fablico ver\u00e1 o que est\u00e1 dando certo ou errado, de modo a ter as condi\u00e7\u00f5es necess\u00e1rias para avan\u00e7ar com a execu\u00e7\u00e3o da iniciativa ou tomar medidas corretivas. Trata-se de um monitoramento dos indicadores para que os objetivos estrat\u00e9gicos funcionem corretamente\u201d, disse.<\/span><\/p>\n<p style=\"text-align: justify;\"><span style=\"font-size: 14pt;\">S\u00e3o objetivos estrat\u00e9gicos da \u00e1rea-meio consolidar a gest\u00e3o estrat\u00e9gica, melhorar a gest\u00e3o administrativa, melhorar a infraestrutura, adequar os recursos tecnol\u00f3gicos, adequar o efetivo de membros e servidores, capacitar membros e servidores, aperfei\u00e7oar a pol\u00edtica de gest\u00e3o de pessoas e adequar os recursos e a gest\u00e3o or\u00e7ament\u00e1ria e financeira.<\/span><\/p>\n<p style=\"text-align: justify;\"><span style=\"font-size: 14pt;\"><strong>Plano Geral de Atua\u00e7\u00e3o<\/strong><\/span><\/p>\n<p style=\"text-align: justify;\"><span style=\"font-size: 14pt;\">O PGA representa um recorte temporal das iniciativas estabelecidas no Plano Estrat\u00e9gico 2011-2022 e estabelece, bienalmente, objetivos e diretrizes institucionais destinados a viabilizar o alcance das metas preestabelecidas. A partir da an\u00e1lise de multicrit\u00e9rios e de sincroniza\u00e7\u00e3o das iniciativas do Plano Estrat\u00e9gico, a elabora\u00e7\u00e3o do PGA foi efetivada com pesos e valores previamente fixados, considerando as metas a serem postas pelo Conselho Nacional do Minist\u00e9rio P\u00fablico (CNMP), programas e projetos j\u00e1 existentes e boas pr\u00e1ticas da Institui\u00e7\u00e3o.<\/span><\/p>\n<p style=\"text-align: justify;\"><span style=\"font-size: 14pt;\">\u201cO MPE\/AL somente admite propostas de metas de natureza espec\u00edfica, potencialmente exequ\u00edveis, n\u00e3o program\u00e1ticas e dotadas de relev\u00e2ncia institucional e social. A elabora\u00e7\u00e3o do ato considerou a necessidade de desenvolver a\u00e7\u00f5es integradas, com o prop\u00f3sito de dinamizar e tornar eficiente a atua\u00e7\u00e3o do Minist\u00e9rio P\u00fablico, e a contribui\u00e7\u00e3o dos planos gerais de atua\u00e7\u00e3o para a consecu\u00e7\u00e3o das iniciativas estrat\u00e9gicas priorizadas em curto prazo\u201d, explicou o procurador-geral de Justi\u00e7a, S\u00e9rgio Juc\u00e1.<\/span><\/p>\n<p style=\"text-align: justify;\"><span style=\"font-size: 14pt;\">Para a execu\u00e7\u00e3o do PGA, o Minist\u00e9rio P\u00fablico adota ferramentas de gest\u00e3o que englobam planejamento, execu\u00e7\u00e3o, monitoramento e aprendizado, podendo ser estabelecidos programas e projetos. Os programas e projetos devem estar alinhados com os planos e programas plurianuais e or\u00e7amentos anuais, possuindo prioridade na programa\u00e7\u00e3o e execu\u00e7\u00e3o or\u00e7ament\u00e1ria do Minist\u00e9rio P\u00fablico. Os integrantes do Comit\u00ea de Gest\u00e3o Estrat\u00e9gica de cada \u00e1rea endossar\u00e3o cada uma das iniciativas.<\/span><\/p>\n","protected":false},"excerpt":{"rendered":"<p> [&hellip;]<\/p>\n","protected":false},"author":4,"featured_media":13244,"comment_status":"open","ping_status":"open","sticky":false,"template":"","format":"standard","meta":{"om_disable_all_campaigns":false,"_monsterinsights_skip_tracking":false,"_monsterinsights_sitenote_active":false,"_monsterinsights_sitenote_note":"","_monsterinsights_sitenote_category":0,"_uf_show_specific_survey":0,"_uf_disable_surveys":false,"footnotes":""},"categories":[2],"tags":[],"class_list":["post-13214","post","type-post","status-publish","format-standard","has-post-thumbnail","hentry","category-not_mpal"],"aioseo_notices":[],"_links":{"self":[{"href":"https:\/\/www.mpal.mp.br\/index.php?rest_route=\/wp\/v2\/posts\/13214","targetHints":{"allow":["GET"]}}],"collection":[{"href":"https:\/\/www.mpal.mp.br\/index.php?rest_route=\/wp\/v2\/posts"}],"about":[{"href":"https:\/\/www.mpal.mp.br\/index.php?rest_route=\/wp\/v2\/types\/post"}],"author":[{"embeddable":true,"href":"https:\/\/www.mpal.mp.br\/index.php?rest_route=\/wp\/v2\/users\/4"}],"replies":[{"embeddable":true,"href":"https:\/\/www.mpal.mp.br\/index.php?rest_route=%2Fwp%2Fv2%2Fcomments&post=13214"}],"version-history":[{"count":1,"href":"https:\/\/www.mpal.mp.br\/index.php?rest_route=\/wp\/v2\/posts\/13214\/revisions"}],"predecessor-version":[{"id":13245,"href":"https:\/\/www.mpal.mp.br\/index.php?rest_route=\/wp\/v2\/posts\/13214\/revisions\/13245"}],"wp:featuredmedia":[{"embeddable":true,"href":"https:\/\/www.mpal.mp.br\/index.php?rest_route=\/wp\/v2\/media\/13244"}],"wp:attachment":[{"href":"https:\/\/www.mpal.mp.br\/index.php?rest_route=%2Fwp%2Fv2%2Fmedia&parent=13214"}],"wp:term":[{"taxonomy":"category","embeddable":true,"href":"https:\/\/www.mpal.mp.br\/index.php?rest_route=%2Fwp%2Fv2%2Fcategories&post=13214"},{"taxonomy":"post_tag","embeddable":true,"href":"https:\/\/www.mpal.mp.br\/index.php?rest_route=%2Fwp%2Fv2%2Ftags&post=13214"}],"curies":[{"name":"wp","href":"https:\/\/api.w.org\/{rel}","templated":true}]}}