{"id":13125,"date":"2014-11-17T10:08:09","date_gmt":"2014-11-17T12:08:09","guid":{"rendered":"https:\/\/www.mpal.mp.br\/?p=13125"},"modified":"2022-07-21T10:10:37","modified_gmt":"2022-07-21T13:10:37","slug":"2a-rae-apresenta-andamento-do-pga-2014-15-metas-foram-atingidas-ja-em-novembro","status":"publish","type":"post","link":"https:\/\/www.mpal.mp.br\/?p=13125","title":{"rendered":"2\u00aa RAE apresenta andamento do PGA 2014-15; metas foram atingidas j\u00e1 em novembro"},"content":{"rendered":"<p style=\"text-align: justify;\"><span style=\"font-size: 14pt;\">Com o objetivo de apresentar o andamento Plano Geral de Atua\u00e7\u00e3o (PGA) 2014-2015 do Minist\u00e9rio P\u00fablico do Estado de Alagoas (MPE\/AL) ao procurador-geral de Justi\u00e7a, a Assessoria de Planejamento e Gest\u00e3o Estrat\u00e9gica (Asplage) promoveu, na sexta-feira (14), a 2\u00aa Reuni\u00e3o de An\u00e1lise Estrat\u00e9gica (RAE), que contou com a presen\u00e7a de promotores de Justi\u00e7a, diretores e servidores. Com os dados em m\u00e3os, o chefe do MPE\/AL poder\u00e1 adotar medidas de corre\u00e7\u00e3o para garantir o cumprimento das metas referentes aos objetivos das \u00e1reas meio e fim ou mesmo alter\u00e1-los segundo o interesse da gest\u00e3o.<\/span><\/p>\n<p style=\"text-align: justify;\"><span style=\"font-size: 14pt;\">Entre as metas alcan\u00e7adas j\u00e1 em novembro, um m\u00eas antes do prazo final, encontra-se a equipa\u00e7\u00e3o de setores com material de telefonia, mobili\u00e1rio e seguran\u00e7a; a contrata\u00e7\u00e3o de estagi\u00e1rios; a quantidade de servidores efetivos em exerc\u00edcio; e a produ\u00e7\u00e3o de not\u00edcias relacionadas a \u00f3rg\u00e3os da Administra\u00e7\u00e3o Superior do MPE\/AL, Procuradorias de Justi\u00e7a e Promotorias de Justi\u00e7a da Capital e do Interior.<\/span><\/p>\n<p style=\"text-align: justify;\"><span style=\"font-size: 14pt;\">A primeira meta, por exemplo, pertence \u00e0 Diretoria de Apoio Administrativo e previa a equipa\u00e7\u00e3o de 7% dos setores do Minist\u00e9rio P\u00fablico. Entretanto, 39% dos ambientes passaram a dispor dos materiais em destaque, o que representa um alcance de 550% dos n\u00fameros estipulados para 2014. A mesma situa\u00e7\u00e3o ocorreu com a meta da Diretoria de Comunica\u00e7\u00e3o Social, que chegou a 170 not\u00edcias das 150 previstas neste semestre.<\/span><\/p>\n<p style=\"text-align: justify;\"><span style=\"font-size: 14pt;\">\u201cNa RAE, n\u00f3s tratamos do futuro da gest\u00e3o do Minist\u00e9rio P\u00fablico. Ao contr\u00e1rio da primeira reuni\u00e3o, que teve um car\u00e1ter mais preparat\u00f3rio, esta edi\u00e7\u00e3o mostrou resultados positivos dos objetivos e metas indicados para a \u00e1rea-meio, tal como aspectos que podem melhorar a produtividade. No pr\u00f3ximo encontro, teremos mais resultados, inclusive da \u00e1rea-fim da institui\u00e7\u00e3o\u201d, disse o promotor de Justi\u00e7a Humberto Pimentel Costa, chefe da Asplage.<\/span><\/p>\n<p style=\"text-align: justify;\"><span style=\"font-size: 14pt;\">Outras metas est\u00e3o pr\u00f3ximas de ser atingidas. S\u00e3o os casos das Promotorias de Justi\u00e7a com fun\u00e7\u00f5es definidas (95%), cursos ofertados pela Escola Superior do Minist\u00e9rio P\u00fablico do Estado de Alagoas (85%), mat\u00e9rias com repercuss\u00e3o positivas do MPE\/AL em ve\u00edculos impressos (79%), n\u00famero de membros e servidores capacitados (76%), satisfa\u00e7\u00e3o dos usu\u00e1rios da biblioteca (76%) e cria\u00e7\u00e3o de mapas de processos (50%).<\/span><\/p>\n<p style=\"text-align: justify;\"><span style=\"font-size: 14pt;\">O procurador-geral de Justi\u00e7a, Walber Jos\u00e9 Valente de Lima, destacou que as informa\u00e7\u00f5es apresentadas na 2\u00aa RAE servir\u00e3o de refer\u00eancia para decis\u00f5es administrativas, uma vez que retrata um panorama mais detalhado do MPE\/AL. \u201cPor defini\u00e7\u00e3o constitucional, o Minist\u00e9rio P\u00fablico \u00e9 uma institui\u00e7\u00e3o permanente para a defesa do Estado democr\u00e1tico de direito e tamb\u00e9m para a fun\u00e7\u00e3o jurisdicional do nosso pa\u00eds, logo \u00e9 necess\u00e1rio que identifique seus objetivos e trace suas estrat\u00e9gias para alcan\u00e7\u00e1-los. Por vezes, cumpri-las representa um processo dif\u00edcil, demorado e sutil. Assim, diante dos resultados e pend\u00eancias constatados, considero que esta Reuni\u00e3o de An\u00e1lise Estrat\u00e9gica foi muito produtiva\u201d, complementou.<\/span><\/p>\n<p style=\"text-align: justify;\"><span style=\"font-size: 14pt;\"><strong>Plano Geral de Atua\u00e7\u00e3o<\/strong><\/span><\/p>\n<p style=\"text-align: justify;\"><span style=\"font-size: 14pt;\">O PGA representa um recorte temporal das iniciativas estabelecidas no Plano Estrat\u00e9gico 2011-2022 e estabelece, bienalmente, objetivos e diretrizes institucionais destinados a viabilizar o alcance das metas preestabelecidas. A partir da an\u00e1lise de multicrit\u00e9rios e de sincroniza\u00e7\u00e3o das iniciativas do Plano Estrat\u00e9gico, a elabora\u00e7\u00e3o do PGA foi efetivada com pesos e valores previamente fixados, considerando as metas a serem postas pelo Conselho Nacional do Minist\u00e9rio P\u00fablico (CNMP), programas e projetos j\u00e1 existentes e boas pr\u00e1ticas da institui\u00e7\u00e3o.<\/span><\/p>\n<p style=\"text-align: justify;\"><span style=\"font-size: 14pt;\">Para a execu\u00e7\u00e3o do PGA, o Minist\u00e9rio P\u00fablico adota ferramentas de gest\u00e3o que englobam planejamento, execu\u00e7\u00e3o, monitoramento e aprendizado, podendo ser estabelecidos programas e projetos. Os programas e projetos devem estar alinhados com os planos e programas plurianuais e or\u00e7amentos anuais, possuindo prioridade na programa\u00e7\u00e3o e execu\u00e7\u00e3o or\u00e7ament\u00e1ria do Minist\u00e9rio P\u00fablico. Os integrantes do Comit\u00ea de Gest\u00e3o Estrat\u00e9gica de cada \u00e1rea endossar\u00e3o cada uma das iniciativas.<\/span><\/p>\n<p style=\"text-align: justify;\"><span style=\"font-size: 14pt;\">S\u00e3o objetivos estrat\u00e9gicos da \u00e1rea-meio consolidar a gest\u00e3o estrat\u00e9gica, melhorar a gest\u00e3o administrativa, melhorar a infraestrutura, adequar os recursos tecnol\u00f3gicos, adequar o efetivo de membros e servidores, capacitar membros e servidores, aperfei\u00e7oar a pol\u00edtica de gest\u00e3o de pessoas e adequar os recursos e a gest\u00e3o or\u00e7ament\u00e1ria e financeira. J\u00e1 os da \u00e1rea-fim s\u00e3o melhorar o combate ao crime, defender a probidade da gest\u00e3o p\u00fablica, promover a educa\u00e7\u00e3o p\u00fablica de qualidade, promover a defesa da sa\u00fade p\u00fablica, promover a defesa da crian\u00e7a e do adolescente, promover a garantia da cidadania plena e promover da defesa do meio ambiente.<\/span><\/p>\n","protected":false},"excerpt":{"rendered":"<p> [&hellip;]<\/p>\n","protected":false},"author":4,"featured_media":13130,"comment_status":"open","ping_status":"open","sticky":false,"template":"","format":"standard","meta":{"om_disable_all_campaigns":false,"_monsterinsights_skip_tracking":false,"_monsterinsights_sitenote_active":false,"_monsterinsights_sitenote_note":"","_monsterinsights_sitenote_category":0,"_uf_show_specific_survey":0,"_uf_disable_surveys":false,"footnotes":""},"categories":[2],"tags":[],"class_list":["post-13125","post","type-post","status-publish","format-standard","has-post-thumbnail","hentry","category-not_mpal"],"aioseo_notices":[],"_links":{"self":[{"href":"https:\/\/www.mpal.mp.br\/index.php?rest_route=\/wp\/v2\/posts\/13125","targetHints":{"allow":["GET"]}}],"collection":[{"href":"https:\/\/www.mpal.mp.br\/index.php?rest_route=\/wp\/v2\/posts"}],"about":[{"href":"https:\/\/www.mpal.mp.br\/index.php?rest_route=\/wp\/v2\/types\/post"}],"author":[{"embeddable":true,"href":"https:\/\/www.mpal.mp.br\/index.php?rest_route=\/wp\/v2\/users\/4"}],"replies":[{"embeddable":true,"href":"https:\/\/www.mpal.mp.br\/index.php?rest_route=%2Fwp%2Fv2%2Fcomments&post=13125"}],"version-history":[{"count":1,"href":"https:\/\/www.mpal.mp.br\/index.php?rest_route=\/wp\/v2\/posts\/13125\/revisions"}],"predecessor-version":[{"id":13134,"href":"https:\/\/www.mpal.mp.br\/index.php?rest_route=\/wp\/v2\/posts\/13125\/revisions\/13134"}],"wp:featuredmedia":[{"embeddable":true,"href":"https:\/\/www.mpal.mp.br\/index.php?rest_route=\/wp\/v2\/media\/13130"}],"wp:attachment":[{"href":"https:\/\/www.mpal.mp.br\/index.php?rest_route=%2Fwp%2Fv2%2Fmedia&parent=13125"}],"wp:term":[{"taxonomy":"category","embeddable":true,"href":"https:\/\/www.mpal.mp.br\/index.php?rest_route=%2Fwp%2Fv2%2Fcategories&post=13125"},{"taxonomy":"post_tag","embeddable":true,"href":"https:\/\/www.mpal.mp.br\/index.php?rest_route=%2Fwp%2Fv2%2Ftags&post=13125"}],"curies":[{"name":"wp","href":"https:\/\/api.w.org\/{rel}","templated":true}]}}