{"id":13109,"date":"2015-05-06T10:01:40","date_gmt":"2015-05-06T13:01:40","guid":{"rendered":"https:\/\/www.mpal.mp.br\/?p=13109"},"modified":"2022-07-21T10:05:20","modified_gmt":"2022-07-21T13:05:20","slug":"mpe-al-instaura-procedimento-preparatorio-para-instalacao-e-funcionamento-de-casa-de-passagem-em-coruripe","status":"publish","type":"post","link":"https:\/\/www.mpal.mp.br\/?p=13109","title":{"rendered":"MPE\/AL instaura procedimento preparat\u00f3rio para instala\u00e7\u00e3o e funcionamento de casa de passagem em Coruripe"},"content":{"rendered":"<p style=\"text-align: justify;\"><span style=\"font-size: 14pt;\">O Minist\u00e9rio P\u00fablico do Estado de Alagoas (MPE\/AL), por meio da Promotoria de Justi\u00e7a de Coruripe, instaurou procedimento preparat\u00f3rio para que seja providenciada a instala\u00e7\u00e3o e funcionamento de uma casa de passagem\/abrigo institucional nesse munic\u00edpio, com os recursos materiais e humanos essenciais para abrigar temporariamente a crian\u00e7as e adolescentes em situa\u00e7\u00e3o de risco, encaminhados pelo Juizado da Inf\u00e2ncia e da Juventude, Conselho Tutelar e pelo pr\u00f3prio Minist\u00e9rio.<\/span><\/p>\n<p style=\"text-align: justify;\"><span style=\"font-size: 14pt;\">De acordo com a promotora de Justi\u00e7a Hylza Paiva Torres de Castro, n\u00e3o \u00e9 raro, em Coruripe, o Conselho Tutelar, o Poder Judici\u00e1rio e o Minist\u00e9rio P\u00fablico estarem diante de situa\u00e7\u00f5es em que crian\u00e7as e adolescentes est\u00e3o em situa\u00e7\u00e3o de risco pessoal e social, e que a medida de prote\u00e7\u00e3o adequada e eficaz \u00e9 a coloca\u00e7\u00e3o em entidade de abrigo. Por\u00e9m, n\u00e3o se tem como aplicar de forma efetiva a legisla\u00e7\u00e3o por falta de aparato material e humano.<\/span><\/p>\n<p style=\"text-align: justify;\"><span style=\"font-size: 14pt;\">&#8220;O procedimento surgiu diante da necessidade de implementa\u00e7\u00e3o de pol\u00edticas p\u00fablicas de assist\u00eancia \u00e0 crian\u00e7a e ao adolescente, mais precisamente a imprescindibilidade da cria\u00e7\u00e3o de uma casa de passagem\/ abrigo em Coruripe, de modo a dar efetividade aos princ\u00edpios norteadores da pol\u00edtica de prote\u00e7\u00e3o \u00e0 inf\u00e2ncia\u00a0e juventude estabelecida na Constitui\u00e7\u00e3o Federal e no Estatuto da Crian\u00e7a e do Adolescente (ECA)&#8221;, disse a promotora.<\/span><\/p>\n<p style=\"text-align: justify;\"><span style=\"font-size: 14pt;\">A falta de um local espec\u00edfico para tal finalidade, segundo a promotora, faz com que as institui\u00e7\u00f5es competentes destinem as crian\u00e7as e jovens para fam\u00edlias pertencentes \u00e0 comunidade local. Em alguns casos, houve encaminhamento a Casas de Passagem\/abrigos existentes em outros munic\u00edpios,\u00a0ou at\u00e9 mesmo para as resid\u00eancias de representantes do Conselho Tutelar.<\/span><\/p>\n<p style=\"text-align: justify;\"><span style=\"font-size: 14pt;\">&#8220;A dificuldade de n\u00e3o termos uma casa de passagem, um abrigo para estas crian\u00e7as e jovens faz com que tomemos atitudes emergenciais,\u00a0isto ap\u00f3s exaustivos contatos, conversa\u00e7\u00f5es e entendimentos, por isso, precisamos de uma solu\u00e7\u00e3o para a quest\u00e3o e esperamos que seja o mais breve poss\u00edvel. Os\u00a0membros desta comunidade n\u00e3o podem mais esperar que o Poder Executivo de Coruripe, diante de sua conveni\u00eancia e oportunidade, providencie a cria\u00e7\u00e3o de um local \u00a0e de programas efetivos de acompanhamento familiar para as crian\u00e7as e adolescentes em situa\u00e7\u00e3o de risco&#8221;,\u00a0exp\u00f4s a promotora.<\/span><\/p>\n<p style=\"text-align: justify;\"><span style=\"font-size: 14pt;\">Atualmente, como solicita\u00e7\u00e3o da demanda emergencial,\u00a0as crian\u00e7as e adolescentes em situa\u00e7\u00e3o de risco t\u00eam sido encaminhadas \u00e0 casa de passagem\/abrigo Lar de Nazar\u00e9, que fica situada em Penedo.<\/span><\/p>\n","protected":false},"excerpt":{"rendered":"<p> [&hellip;]<\/p>\n","protected":false},"author":4,"featured_media":2857,"comment_status":"open","ping_status":"open","sticky":false,"template":"","format":"standard","meta":{"om_disable_all_campaigns":false,"_monsterinsights_skip_tracking":false,"_monsterinsights_sitenote_active":false,"_monsterinsights_sitenote_note":"","_monsterinsights_sitenote_category":0,"_uf_show_specific_survey":0,"_uf_disable_surveys":false,"footnotes":""},"categories":[2],"tags":[],"class_list":["post-13109","post","type-post","status-publish","format-standard","has-post-thumbnail","hentry","category-not_mpal"],"aioseo_notices":[],"_links":{"self":[{"href":"https:\/\/www.mpal.mp.br\/index.php?rest_route=\/wp\/v2\/posts\/13109","targetHints":{"allow":["GET"]}}],"collection":[{"href":"https:\/\/www.mpal.mp.br\/index.php?rest_route=\/wp\/v2\/posts"}],"about":[{"href":"https:\/\/www.mpal.mp.br\/index.php?rest_route=\/wp\/v2\/types\/post"}],"author":[{"embeddable":true,"href":"https:\/\/www.mpal.mp.br\/index.php?rest_route=\/wp\/v2\/users\/4"}],"replies":[{"embeddable":true,"href":"https:\/\/www.mpal.mp.br\/index.php?rest_route=%2Fwp%2Fv2%2Fcomments&post=13109"}],"version-history":[{"count":1,"href":"https:\/\/www.mpal.mp.br\/index.php?rest_route=\/wp\/v2\/posts\/13109\/revisions"}],"predecessor-version":[{"id":13110,"href":"https:\/\/www.mpal.mp.br\/index.php?rest_route=\/wp\/v2\/posts\/13109\/revisions\/13110"}],"wp:featuredmedia":[{"embeddable":true,"href":"https:\/\/www.mpal.mp.br\/index.php?rest_route=\/wp\/v2\/media\/2857"}],"wp:attachment":[{"href":"https:\/\/www.mpal.mp.br\/index.php?rest_route=%2Fwp%2Fv2%2Fmedia&parent=13109"}],"wp:term":[{"taxonomy":"category","embeddable":true,"href":"https:\/\/www.mpal.mp.br\/index.php?rest_route=%2Fwp%2Fv2%2Fcategories&post=13109"},{"taxonomy":"post_tag","embeddable":true,"href":"https:\/\/www.mpal.mp.br\/index.php?rest_route=%2Fwp%2Fv2%2Ftags&post=13109"}],"curies":[{"name":"wp","href":"https:\/\/api.w.org\/{rel}","templated":true}]}}